{"id":12342,"date":"2022-03-29T11:26:13","date_gmt":"2022-03-29T14:26:13","guid":{"rendered":"https:\/\/hostnetart.com.br\/baixada\/caixa-atende-reivindicacao-e-prorroga-home-office\/"},"modified":"2022-03-29T11:26:13","modified_gmt":"2022-03-29T14:26:13","slug":"caixa-atende-reivindicacao-e-prorroga-home-office","status":"publish","type":"post","link":"https:\/\/hostnetart.com.br\/baixada\/caixa-atende-reivindicacao-e-prorroga-home-office\/","title":{"rendered":"Caixa atende reivindica\u00e7\u00e3o e prorroga home office"},"content":{"rendered":"<div class=\"elementor-element elementor-element-194680ec elementor-widget elementor-widget-theme-post-content\" data-id=\"194680ec\" data-element_type=\"widget\" data-widget_type=\"theme-post-content.default\">\n<div class=\"elementor-widget-container\">\n<p>A Caixa Econ\u00f4mica Federal informou \u00e0 Confedera\u00e7\u00e3o Nacional dos Trabalhadores do Ramo Financeiro (Contraf-CUT), na sexta-feira (25), que atenderia a reivindica\u00e7\u00e3o dos empregados e prorrogaria o \u201cProjeto Remoto Excepcional\u201d at\u00e9 o dia 30 de abril.<\/p>\n<p>O banco enviou comunicado para todas suas unidades informando aos gestores que eles podem manter em home office quem j\u00e1 est\u00e1 exercendo suas atividades remotamente, e\/ou incluir outros empregados. O banco informou ainda que cada gestor dever\u00e1 combinar previamente com cada empregado as atividades que o mesmo dever\u00e1 exercer remotamente, registr\u00e1-las no sistema de recursos humanos (SISRH) e acompanhar o cumprimento das tarefas.<\/p>\n<p>\u201cPor mais que os casos de contamina\u00e7\u00e3o e mortes por Covid-19 estejam reduzindo, precisamos estar alertas com os\u00a0<a href=\"https:\/\/www.bbc.com\/portuguese\/internacional-60757266\" target=\"_blank\" rel=\"noopener noreferrer\">novos surtos<\/a>\u00a0e para evitar novas ondas da doen\u00e7a em nosso pa\u00eds\u201d, disse a coordenadora da Comiss\u00e3o Executiva dos Empregados (CEE) da Caixa, Fabiana Uehara Proscholdt, que \u00e9 secretaria de Cultura da Contraf-CUT. \u201cMelhor fazermos nossa \u2018li\u00e7\u00e3o de casa\u2019, segurarmos mais um pouquinho. Se tiv\u00e9ssemos feito um lockdown de verdade no in\u00edcio da pandemia, poder\u00edamos ter reduzido o n\u00famero de contamina\u00e7\u00f5es em nosso pa\u00eds\u201d, completou.<\/p>\n<h3><strong>Sobrecarga<\/strong><\/h3>\n<p>Fabiana disse concordar que os empregados que est\u00e3o atendendo presencialmente a popula\u00e7\u00e3o est\u00e3o sobrecarregados. \u201cMas, a solu\u00e7\u00e3o n\u00e3o passa pelo retorno de todos os trabalhadores que est\u00e3o em home office. Muitos t\u00eam outras doen\u00e7as que podem ser agravadas caso contraiam o v\u00edrus e, o que seria uma solu\u00e7\u00e3o r\u00e1pida, pode levar \u00e0 piora do quadro de sobrecarga\u201d, disse a coordenadora da CEE\/Caixa.<\/p>\n<p>Para ela, a redu\u00e7\u00e3o da sobrecarga passa pela contrata\u00e7\u00e3o de mais empregados. \u201cA Sest (Secretaria de Coordena\u00e7\u00e3o e Governan\u00e7a das Empresas Estatais) j\u00e1\u00a0<a href=\"https:\/\/contrafcut.com.br\/noticias\/caixa-e-autorizada-a-contratar-novos-empregados\" target=\"_blank\" rel=\"noopener noreferrer\">autorizou o aumento do quadro de pessoal<\/a>\u00a0com a contrata\u00e7\u00e3o de concursados, mas, apesar de seu presidente, Pedro Guimar\u00e3es, ter propagandeado que\u00a0<a href=\"https:\/\/contrafcut.com.br\/noticias\/depois-de-pressao-dos-empregados-caixa-anuncia-novas-contratacoes\" target=\"_blank\" rel=\"noopener noreferrer\">contrataria quatro mil novos empregados<\/a>, o banco n\u00e3o contratou nem o que foi autorizado\u201d, disse. \u201cO problema tamb\u00e9m est\u00e1 acontecendo com as\u00a0<a href=\"https:\/\/contrafcut.com.br\/noticias\/contratacao-de-pcds-contraf-cut-e-fenae-pedem-mediacao-do-mpt\" target=\"_blank\" rel=\"noopener noreferrer\">pessoas com defici\u00eancia aprovadas em concurso<\/a>\u00a0espec\u00edfico realizado no ano passado. A Caixa faz propaganda para a mulher do Bolsonaro aparecer, mas \u00e9 muito marketing e pouca efetividade\u201d, lembrou.<\/p>\n<p>A Caixa tem criado entraves para a contra\u00e7\u00e3o dos aprovados no concurso espec\u00edfico para PCDs, realizado em 2021. Tamb\u00e9m h\u00e1 demora para a\u00a0<a href=\"https:\/\/contrafcut.com.br\/noticias\/contraf-cut-recorre-e-defende-convocacao-dos-concursados-de-2014\" target=\"_blank\" rel=\"noopener noreferrer\">contrata\u00e7\u00e3o de aprovados em 2014<\/a>. \u201cPrecisamos lutar para acabar com a sobrecarga de trabalho, que passa pela sa\u00fade e pela vida dos trabalhadores\u201d, concluiu a coordenadora da CEE\/Caixa.<\/p>\n<\/div>\n<\/div>\n<div class=\"elementor-element elementor-element-76b46e1 elementor-widget elementor-widget-post-info\" data-id=\"76b46e1\" data-element_type=\"widget\" data-widget_type=\"post-info.default\">\n<div class=\"elementor-widget-container\">\n<p><strong>Fonte: Contraf-CUT<\/strong><\/p>\n<\/div>\n<\/div>\n","protected":false},"excerpt":{"rendered":"<p>A Caixa Econ\u00f4mica Federal informou \u00e0 Confedera\u00e7\u00e3o Nacional dos Trabalhadores do Ramo Financeiro (Contraf-CUT), na sexta-feira (25), que atenderia a reivindica\u00e7\u00e3o dos empregados e prorrogaria o \u201cProjeto Remoto Excepcional\u201d at\u00e9 o dia 30 de abril. O banco enviou comunicado para todas suas unidades informando aos gestores que eles podem manter em home office quem j\u00e1 [&hellip;]<\/p>\n","protected":false},"author":2,"featured_media":12341,"comment_status":"","ping_status":"","sticky":false,"template":"","format":"standard","meta":{"footnotes":""},"categories":[3],"tags":[],"class_list":["post-12342","post","type-post","status-publish","format-standard","has-post-thumbnail","hentry","category-noticias"],"_links":{"self":[{"href":"https:\/\/hostnetart.com.br\/baixada\/wp-json\/wp\/v2\/posts\/12342","targetHints":{"allow":["GET"]}}],"collection":[{"href":"https:\/\/hostnetart.com.br\/baixada\/wp-json\/wp\/v2\/posts"}],"about":[{"href":"https:\/\/hostnetart.com.br\/baixada\/wp-json\/wp\/v2\/types\/post"}],"author":[{"embeddable":true,"href":"https:\/\/hostnetart.com.br\/baixada\/wp-json\/wp\/v2\/users\/2"}],"replies":[{"embeddable":true,"href":"https:\/\/hostnetart.com.br\/baixada\/wp-json\/wp\/v2\/comments?post=12342"}],"version-history":[{"count":0,"href":"https:\/\/hostnetart.com.br\/baixada\/wp-json\/wp\/v2\/posts\/12342\/revisions"}],"wp:featuredmedia":[{"embeddable":true,"href":"https:\/\/hostnetart.com.br\/baixada\/wp-json\/wp\/v2\/media\/12341"}],"wp:attachment":[{"href":"https:\/\/hostnetart.com.br\/baixada\/wp-json\/wp\/v2\/media?parent=12342"}],"wp:term":[{"taxonomy":"category","embeddable":true,"href":"https:\/\/hostnetart.com.br\/baixada\/wp-json\/wp\/v2\/categories?post=12342"},{"taxonomy":"post_tag","embeddable":true,"href":"https:\/\/hostnetart.com.br\/baixada\/wp-json\/wp\/v2\/tags?post=12342"}],"curies":[{"name":"wp","href":"https:\/\/api.w.org\/{rel}","templated":true}]}}