{"id":1234,"date":"2013-07-24T00:00:00","date_gmt":"2013-07-24T03:00:00","guid":{"rendered":"https:\/\/hostnetart.com.br\/baixada\/assembleia-geral-extraordinaria-nesta-segunda-feira-dia-29\/"},"modified":"2013-07-24T00:00:00","modified_gmt":"2013-07-24T03:00:00","slug":"assembleia-geral-extraordinaria-nesta-segunda-feira-dia-29","status":"publish","type":"post","link":"https:\/\/hostnetart.com.br\/baixada\/assembleia-geral-extraordinaria-nesta-segunda-feira-dia-29\/","title":{"rendered":"Assembl\u00e9ia Geral Extraordin\u00e1ria nesta segunda-feira, dia 29"},"content":{"rendered":"<div>O Sindicato convoca todos os banc\u00e1rios de bancos privados e p\u00fablicos federais e estaduais para Assembleia Geral Extraordin\u00e1ria que, entre outras quest\u00f5es, deliberar\u00e1 sobre a aprova\u00e7\u00e3o da minuta de reivindica\u00e7\u00f5es definida na 15a Confer\u00eancia Nacional dos Banc\u00e1rios e que nortear\u00e1 a Campanha Nacional de 2013.<\/div>\n<div>Confira abaixo a pauta da Assembleia Geral Extraordin\u00e1ria:<\/div>\n<div>\n<div>1. Autorizar \u00e0 diretoria para realizar negocia\u00e7\u00f5es coletivas, celebrar conven\u00e7\u00e3o coletiva de trabalho, conven\u00e7\u00f5es\/acordos coletivos aditivos, bem como conven\u00e7\u00e3o\/acordos de PLR e, frustradas as negocia\u00e7\u00f5es, defender-se e\/ou instaurar diss\u00eddio coletivo de trabalho, bem como delegar poderes para tanto;<\/div>\n<p>\u00a0<\/p>\n<\/div>\n<p>2. Deliberar sobre aprova\u00e7\u00e3o da minuta de preacordo de negocia\u00e7\u00e3o e minuta de reivindica\u00e7\u00f5es da categoria banc\u00e1ria, data-base 1\u00ba de setembro de 2013 definida na 15\u00aa Confer\u00eancia Nacional dos Banc\u00e1rios;<\/p>\n<div>\n<p>\u00a0<\/p>\n<p>3. Deliberar sobre desconto a ser feito nos sal\u00e1rios dos empregados em raz\u00e3o da contrata\u00e7\u00e3o a ser realizada;<\/p>\n<p>\u00a0<\/p>\n<p>4. Outros assuntos de interesse da categoria profissional<\/p>\n<p>\u00a0<\/p>\n<p>Duque de Caxias, 24 \u00a0de Julho de 2013.<\/p>\n<p>\u00a0<\/p>\n<div>\u00a0 \u00a0 \u00a0 \u00a0 \u00a0 \u00a0 \u00a0 \u00a0 \u00a0<\/div>\n<div>\u00a0 \u00a0 \u00a0 \u00a0 \u00a0 \u00a0 \u00a0 \u00a0 \u00a0Pedro Batista, Jos\u00e9 La\u00e9rcio e Alcyon Vicente<\/div>\n<div>\u00a0 \u00a0 \u00a0 \u00a0 \u00a0 \u00a0 \u00a0 \u00a0 \u00a0Coordena\u00e7\u00e3o Geral<\/div>\n<\/div>\n<p>TODOS \u00c0 ASSEMBLEIA GERAL EXTRAORDIN\u00c1RIA<\/p>\n<div><strong>DATA<\/strong>:\u00a029 de julho de 2013, segunda-feira.<\/div>\n<div><strong>HOR\u00c1RIO<\/strong>:\u00a018h em primeira convoca\u00e7\u00e3o e 18:30H em segunda convoca\u00e7\u00e3o.<\/div>\n<div><strong>LOCAL<\/strong>: Sede do Sindicato, Rua Professor Henrique Ferreira Gomes n\u00ba179 , Centro, Duque de Caxias<\/div>\n","protected":false},"excerpt":{"rendered":"<p>O Sindicato convoca todos os banc\u00e1rios de bancos privados e p\u00fablicos federais e estaduais para Assembleia Geral Extraordin\u00e1ria que, entre outras quest\u00f5es, deliberar\u00e1 sobre a aprova\u00e7\u00e3o da minuta de reivindica\u00e7\u00f5es definida na 15a Confer\u00eancia Nacional dos Banc\u00e1rios e que nortear\u00e1 a Campanha Nacional de 2013. Confira abaixo a pauta da Assembleia Geral Extraordin\u00e1ria: 1. Autorizar [&hellip;]<\/p>\n","protected":false},"author":1,"featured_media":1233,"comment_status":"","ping_status":"","sticky":false,"template":"","format":"standard","meta":{"footnotes":""},"categories":[3],"tags":[],"class_list":["post-1234","post","type-post","status-publish","format-standard","has-post-thumbnail","hentry","category-noticias"],"_links":{"self":[{"href":"https:\/\/hostnetart.com.br\/baixada\/wp-json\/wp\/v2\/posts\/1234","targetHints":{"allow":["GET"]}}],"collection":[{"href":"https:\/\/hostnetart.com.br\/baixada\/wp-json\/wp\/v2\/posts"}],"about":[{"href":"https:\/\/hostnetart.com.br\/baixada\/wp-json\/wp\/v2\/types\/post"}],"author":[{"embeddable":true,"href":"https:\/\/hostnetart.com.br\/baixada\/wp-json\/wp\/v2\/users\/1"}],"replies":[{"embeddable":true,"href":"https:\/\/hostnetart.com.br\/baixada\/wp-json\/wp\/v2\/comments?post=1234"}],"version-history":[{"count":0,"href":"https:\/\/hostnetart.com.br\/baixada\/wp-json\/wp\/v2\/posts\/1234\/revisions"}],"wp:featuredmedia":[{"embeddable":true,"href":"https:\/\/hostnetart.com.br\/baixada\/wp-json\/wp\/v2\/media\/1233"}],"wp:attachment":[{"href":"https:\/\/hostnetart.com.br\/baixada\/wp-json\/wp\/v2\/media?parent=1234"}],"wp:term":[{"taxonomy":"category","embeddable":true,"href":"https:\/\/hostnetart.com.br\/baixada\/wp-json\/wp\/v2\/categories?post=1234"},{"taxonomy":"post_tag","embeddable":true,"href":"https:\/\/hostnetart.com.br\/baixada\/wp-json\/wp\/v2\/tags?post=1234"}],"curies":[{"name":"wp","href":"https:\/\/api.w.org\/{rel}","templated":true}]}}