{"id":12338,"date":"2022-03-28T13:17:55","date_gmt":"2022-03-28T16:17:55","guid":{"rendered":"https:\/\/hostnetart.com.br\/baixada\/voce-sabe-o-que-e-a-cee-caixa\/"},"modified":"2022-03-28T13:17:55","modified_gmt":"2022-03-28T16:17:55","slug":"voce-sabe-o-que-e-a-cee-caixa","status":"publish","type":"post","link":"https:\/\/hostnetart.com.br\/baixada\/voce-sabe-o-que-e-a-cee-caixa\/","title":{"rendered":"Voc\u00ea sabe o que \u00e9 a CEE\/Caixa?"},"content":{"rendered":"<p>A Comiss\u00e3o Executiva dos Empregados (CEE) da Caixa Econ\u00f4mica Federal \u00e9 o \u00f3rg\u00e3o que auxilia a representa\u00e7\u00e3o dos trabalhadores nas negocia\u00e7\u00f5es com o banco. Para falar um pouco sobre a import\u00e2ncia da CEE e sobre as conquistas obtidas por meio das negocia\u00e7\u00f5es que a comiss\u00e3o realizou com o banco, a Federa\u00e7\u00e3o Nacional das Associa\u00e7\u00f5es do Pessoal da Caixa (Fenae) entrevistou a coordenadora da CEE\/Caixa e secret\u00e1ria de Cultura da Confedera\u00e7\u00e3o Nacional dos Trabalhadores do Ramo Financeiro (Contraf-CUT), Fabiana Uehara Proscholdt.<\/p>\n<p>Fabiana explicou que a CEE \u00e9 a voz dos empregados nas negocia\u00e7\u00f5es com os bancos e que, por meio destas \u00e9 que s\u00e3o obtidas as conquistas, que muitas vezes o banco tenta passar como se fosse um \u201cbenef\u00edcio\u201d concedido.<\/p>\n<p>\u201cPegando um resgate dos \u00faltimos per\u00edodos, principalmente considerando o momento da pandemia, eu acho que as negocia\u00e7\u00f5es entre a representa\u00e7\u00e3o dos empregados e a dire\u00e7\u00e3o da empresa conseguiram manter os nossos direitos\u201d, disse a coordenadora da CEE ao lembrar do que est\u00e1 acontecendo na sociedade e dos ataques que os trabalhadores, principalmente de empresas p\u00fablicas, tem sofrido. \u201cManter os direitos \u00e9 algo extremamente importante\u201d, completou.<\/p>\n<p>Fabiana lembrou, ainda, de conquistas espec\u00edficas dos empregados da Caixa. \u201cConseguimos manter o Sa\u00fade Caixa, tivemos avan\u00e7os importante tamb\u00e9m na manuten\u00e7\u00e3o da PLR Social. Fomos o primeiro banco a ter os protocolos contra a Covid-19, com metade dos empregados em home office e diversas medidas de prote\u00e7\u00e3o daqueles trabalhadores que tiveram que continuar trabalhando estavam nas ag\u00eancias\u201d, disse.<\/p>\n<p><strong>Fonte: Contraf-CUT<\/strong><\/p>\n","protected":false},"excerpt":{"rendered":"<p>A Comiss\u00e3o Executiva dos Empregados (CEE) da Caixa Econ\u00f4mica Federal \u00e9 o \u00f3rg\u00e3o que auxilia a representa\u00e7\u00e3o dos trabalhadores nas negocia\u00e7\u00f5es com o banco. Para falar um pouco sobre a import\u00e2ncia da CEE e sobre as conquistas obtidas por meio das negocia\u00e7\u00f5es que a comiss\u00e3o realizou com o banco, a Federa\u00e7\u00e3o Nacional das Associa\u00e7\u00f5es do [&hellip;]<\/p>\n","protected":false},"author":2,"featured_media":12337,"comment_status":"","ping_status":"","sticky":false,"template":"","format":"standard","meta":{"footnotes":""},"categories":[3],"tags":[],"class_list":["post-12338","post","type-post","status-publish","format-standard","has-post-thumbnail","hentry","category-noticias"],"_links":{"self":[{"href":"https:\/\/hostnetart.com.br\/baixada\/wp-json\/wp\/v2\/posts\/12338","targetHints":{"allow":["GET"]}}],"collection":[{"href":"https:\/\/hostnetart.com.br\/baixada\/wp-json\/wp\/v2\/posts"}],"about":[{"href":"https:\/\/hostnetart.com.br\/baixada\/wp-json\/wp\/v2\/types\/post"}],"author":[{"embeddable":true,"href":"https:\/\/hostnetart.com.br\/baixada\/wp-json\/wp\/v2\/users\/2"}],"replies":[{"embeddable":true,"href":"https:\/\/hostnetart.com.br\/baixada\/wp-json\/wp\/v2\/comments?post=12338"}],"version-history":[{"count":0,"href":"https:\/\/hostnetart.com.br\/baixada\/wp-json\/wp\/v2\/posts\/12338\/revisions"}],"wp:featuredmedia":[{"embeddable":true,"href":"https:\/\/hostnetart.com.br\/baixada\/wp-json\/wp\/v2\/media\/12337"}],"wp:attachment":[{"href":"https:\/\/hostnetart.com.br\/baixada\/wp-json\/wp\/v2\/media?parent=12338"}],"wp:term":[{"taxonomy":"category","embeddable":true,"href":"https:\/\/hostnetart.com.br\/baixada\/wp-json\/wp\/v2\/categories?post=12338"},{"taxonomy":"post_tag","embeddable":true,"href":"https:\/\/hostnetart.com.br\/baixada\/wp-json\/wp\/v2\/tags?post=12338"}],"curies":[{"name":"wp","href":"https:\/\/api.w.org\/{rel}","templated":true}]}}