{"id":12332,"date":"2022-03-24T15:47:02","date_gmt":"2022-03-24T18:47:02","guid":{"rendered":"https:\/\/hostnetart.com.br\/baixada\/mais-uma-ameaca-a-previ-e-a-outros-fundos-de-pensao\/"},"modified":"2022-03-24T15:47:02","modified_gmt":"2022-03-24T18:47:02","slug":"mais-uma-ameaca-a-previ-e-a-outros-fundos-de-pensao","status":"publish","type":"post","link":"https:\/\/hostnetart.com.br\/baixada\/mais-uma-ameaca-a-previ-e-a-outros-fundos-de-pensao\/","title":{"rendered":"Mais uma amea\u00e7a \u00e0 Previ e a outros fundos de pens\u00e3o"},"content":{"rendered":"<p>O Minist\u00e9rio da Economia, chefiado pelo banqueiro Paulo Guedes, est\u00e1 preparando um projeto de lei (PL) que coloca em risco as entidades fechadas de previd\u00eancia complementar (EFPC), para ser entregue pelo presidente Bolsonaro ao Congresso Nacional.<\/p>\n<p>Segundo informa\u00e7\u00f5es do\u00a0<a href=\"https:\/\/valor.globo.com\/brasil\/noticia\/2022\/03\/03\/governo-quer-fim-de-exclusividade-para-fundos-de-pensao-das-estatais.ghtml\">jornal Valor Econ\u00f4mico<\/a>\u00a0e do site Investidor Institucional, o texto do projeto de lei j\u00e1 estaria em fase adiantada de elabora\u00e7\u00e3o no Minist\u00e9rio da Economia e tem como principal objetivo permitir que os empregados de companhias p\u00fablicas possam fazer a portabilidade dos seus atuais planos de previd\u00eancia complementar para qualquer institui\u00e7\u00e3o financeira \u2013 incluindo bancos privados.<\/p>\n<p>Por meio do mesmo projeto, o governo tamb\u00e9m quer extinguir a obrigatoriedade de representa\u00e7\u00e3o parit\u00e1ria entre participantes e patrocinadores na gest\u00e3o das entidades fechadas e reduzir a participa\u00e7\u00e3o dos trabalhadores na gest\u00e3o dos seus recursos, o que acontece atualmente via conselhos e, como no caso da Previ, elei\u00e7\u00f5es de representantes para as diretorias da entidade.<\/p>\n<p>\u201cComo argumento a esse PL, o Minist\u00e9rio da Economia diz que quer evitar \u2018interfer\u00eancias pol\u00edticas\u2019 nas entidades fechadas. Quando, na verdade, \u00e9 o pr\u00f3prio governo Bolsonaro que tenta praticar interfer\u00eancia pol\u00edtica ao criar um projeto para abrir a porteira dos fundos de pens\u00e3o estatais, que hoje t\u00eam uma carteira ativa de mais de R$ 550 bilh\u00f5es, aos banqueiros\u201d, avalia o ex-diretor de Seguridade da Previ e atual vice-presidente da Associa\u00e7\u00e3o Nacional dos Participantes de Previd\u00eancia Complementar (Anapar), Marcel Barros.<\/p>\n<p>Outro argumento aventado pelo governo Bolsonaro para justificar o PL \u00e9 que, com a portabilidade, participantes teriam liberdade para buscar fundos com maior rentabilidade. \u201cEssa \u00e9 outra fal\u00e1cia que n\u00e3o se sustenta segundo dados recentes do pr\u00f3prio Minist\u00e9rio da Economia\u201d, pontua Marcel, que tamb\u00e9m representa os participantes de fundos de pens\u00e3o no Conselho Nacional de Previd\u00eancia Complementar (CNPC).<\/p>\n<p>De fato, no Relat\u00f3rio Gerencial de Previd\u00eancia Complementar, para o 4\u00ba bimestre de 2021, o Minist\u00e9rio da Economia aponta que, de 2012 at\u00e9 agosto de 2021, as EFPC tiveram uma rentabilidade m\u00e9dia de 162,1% com taxa de administra\u00e7\u00e3o m\u00e9dia de 0,27% ao ano. Enquanto que os planos abertos, administrados pelos bancos, tiveram uma rentabilidade m\u00e9dia de 108,8% no mesmo per\u00edodo, cobrando taxa de administra\u00e7\u00e3o m\u00e9dia de 1,3% ao ano.<\/p>\n<p>\u201cOu seja, como os n\u00fameros comprovam, os bancos privados cobram taxas de administra\u00e7\u00e3o quase cinco vezes maiores para entregar resultados muito menores. Portanto, se o associado ou a associada tiver seu dinheiro administrado pela previd\u00eancia aberta de um banco, e n\u00e3o por uma entidade fechada, ao se aposentar ter\u00e1 um patrim\u00f4nio, no m\u00ednimo, 33% menor\u201d, explica Marcel que exp\u00f5e o assunto com mais profundidade\u00a0<a href=\"https:\/\/recontaai.com.br\/governo-volta-atacar-trabalhadores-e-seus-fundos-de-pensao\">em artigo que voc\u00ea pode ler clicando aqui<\/a>, escrito em parceria com o ex-presidente da Anapar e ex-diretor eleito da Previ, Jos\u00e9 Ricardo Sasseron.<\/p>\n<p>Para o coordenador da Comiss\u00e3o de Empresa dos Funcion\u00e1rios do Banco do Brasil (CEBB), Jo\u00e3o Fukunaga, a pressa do governo Bolsonaro em preparar o PL com potencial de movimentar dezenas de bilh\u00f5es para os bancos privados no mercado de previd\u00eancia complementar tem liga\u00e7\u00e3o com o per\u00edodo eleitoral. \u201cInfelizmente existem meios obscuros e nada ortodoxos no ambiente pol\u00edtico, como a instrumentaliza\u00e7\u00e3o do poder de barganha dos bancos privados, para agradar deputados e senadores que poderiam, sob este prisma, votar em favor da PL. Vamos lembrar que o ministro Paulo Guedes foi um dos fundadores do Banco BTG e assessorou a privatiza\u00e7\u00e3o da previd\u00eancia chilena, hoje administrada por bancos privados que pagam mis\u00e9ria aos idosos daquele pa\u00eds, mas recebe polpudas comiss\u00f5es a t\u00edtulo de taxa de administra\u00e7\u00e3o\u201d, refor\u00e7a Fukunaga.<\/p>\n<p><strong>Fonte: Contraf-CUT<\/strong><\/p>\n","protected":false},"excerpt":{"rendered":"<p>O Minist\u00e9rio da Economia, chefiado pelo banqueiro Paulo Guedes, est\u00e1 preparando um projeto de lei (PL) que coloca em risco as entidades fechadas de previd\u00eancia complementar (EFPC), para ser entregue pelo presidente Bolsonaro ao Congresso Nacional. Segundo informa\u00e7\u00f5es do\u00a0jornal Valor Econ\u00f4mico\u00a0e do site Investidor Institucional, o texto do projeto de lei j\u00e1 estaria em fase [&hellip;]<\/p>\n","protected":false},"author":2,"featured_media":12331,"comment_status":"","ping_status":"","sticky":false,"template":"","format":"standard","meta":{"footnotes":""},"categories":[3],"tags":[],"class_list":["post-12332","post","type-post","status-publish","format-standard","has-post-thumbnail","hentry","category-noticias"],"_links":{"self":[{"href":"https:\/\/hostnetart.com.br\/baixada\/wp-json\/wp\/v2\/posts\/12332","targetHints":{"allow":["GET"]}}],"collection":[{"href":"https:\/\/hostnetart.com.br\/baixada\/wp-json\/wp\/v2\/posts"}],"about":[{"href":"https:\/\/hostnetart.com.br\/baixada\/wp-json\/wp\/v2\/types\/post"}],"author":[{"embeddable":true,"href":"https:\/\/hostnetart.com.br\/baixada\/wp-json\/wp\/v2\/users\/2"}],"replies":[{"embeddable":true,"href":"https:\/\/hostnetart.com.br\/baixada\/wp-json\/wp\/v2\/comments?post=12332"}],"version-history":[{"count":0,"href":"https:\/\/hostnetart.com.br\/baixada\/wp-json\/wp\/v2\/posts\/12332\/revisions"}],"wp:featuredmedia":[{"embeddable":true,"href":"https:\/\/hostnetart.com.br\/baixada\/wp-json\/wp\/v2\/media\/12331"}],"wp:attachment":[{"href":"https:\/\/hostnetart.com.br\/baixada\/wp-json\/wp\/v2\/media?parent=12332"}],"wp:term":[{"taxonomy":"category","embeddable":true,"href":"https:\/\/hostnetart.com.br\/baixada\/wp-json\/wp\/v2\/categories?post=12332"},{"taxonomy":"post_tag","embeddable":true,"href":"https:\/\/hostnetart.com.br\/baixada\/wp-json\/wp\/v2\/tags?post=12332"}],"curies":[{"name":"wp","href":"https:\/\/api.w.org\/{rel}","templated":true}]}}