{"id":12330,"date":"2022-03-23T18:05:42","date_gmt":"2022-03-23T21:05:42","guid":{"rendered":"https:\/\/hostnetart.com.br\/baixada\/mpt-e-chamado-a-intermediar-impasse-sobre-promocao-por-merito-na-caixa\/"},"modified":"2022-03-23T18:05:42","modified_gmt":"2022-03-23T21:05:42","slug":"mpt-e-chamado-a-intermediar-impasse-sobre-promocao-por-merito-na-caixa","status":"publish","type":"post","link":"https:\/\/hostnetart.com.br\/baixada\/mpt-e-chamado-a-intermediar-impasse-sobre-promocao-por-merito-na-caixa\/","title":{"rendered":"MPT \u00e9 chamado a intermediar impasse sobre promo\u00e7\u00e3o por m\u00e9rito na Caixa"},"content":{"rendered":"<p>O Movimento Sindical Banc\u00e1rio, atrav\u00e9s da Confedera\u00e7\u00e3o Nacional dos Trabalhadores do Ramo Financeiro (Contraf-CUT) enviou um of\u00edcio para o Minist\u00e9rio P\u00fablico do Trabalho (MPT) solicitando a media\u00e7\u00e3o do \u00f3rg\u00e3o sobre o pagamento dos valores referentes \u00e0 promo\u00e7\u00e3o por m\u00e9rito na Caixa Econ\u00f4mica Federal.<\/p>\n<p>O banco estipulou um crit\u00e9rio que exclui os empregados que aderiram \u00e0 paralisa\u00e7\u00e3o\/greve para reivindicar que o banco corrigisse os valores referentes \u00e0 Participa\u00e7\u00e3o nos Lucros e\/ou Resultados (PLR) pagos a menor.<\/p>\n<p>\u201cO banco lan\u00e7ou este dia como sendo uma falta injustificada, mas a Justi\u00e7a reconheceu o direito de greve e, inclusive, determinou fosse mantido um percentual m\u00ednimo de funcionamento das ag\u00eancias\u201d, observou a coordenadora da Comiss\u00e3o Executiva dos Empregados (CEE) da Caixa, Fabiana Uehara Proscholdt, que tamb\u00e9m secret\u00e1ria de Cultura da Contraf-CUT. \u201cE, al\u00e9m disso, o banco foi comunicado com anteced\u00eancia prevista em lei sobre a paralisa\u00e7\u00e3o. Ou seja, n\u00e3o se trata de uma falta injustificada, como o banco tenta alegar\u201d, completou.<\/p>\n<h3>Negocia\u00e7\u00e3o prevista no ACT<\/h3>\n<p>O Acordo Coletivo de Trabalho (ACT) dos empregados da Caixa Econ\u00f4mica Federal 2020\/2022 estabelece que as promo\u00e7\u00f5es por m\u00e9rito (tamb\u00e9m conhecidas como deltas), referente ao ano base 2021, ter\u00e3o as regras negociadas com as entidades representativas dos empregados. Por\u00e9m, a negocia\u00e7\u00e3o chegou a um impasse, diante da insist\u00eancia da Caixa de n\u00e3o conceder o delta para os trabalhadores que apresentarem \u201cfalta n\u00e3o justificada\u201d.<\/p>\n<p>\u201cO que o banco quer \u00e9 punir os empregados que participaram do movimento paredista. Nos anos anteriores, apenas n\u00e3o eram beneficiados pelas promo\u00e7\u00f5es no quesito de faltas \u00e0queles que contavam com tr\u00eas ou mais faltas n\u00e3o justificadas\u201d, ressaltou a coordenadora a CEE\/Caixa, ao dizer que a altera\u00e7\u00e3o promovida pela Caixa mostra sua inten\u00e7\u00e3o de punir quem participou da paralisa\u00e7\u00e3o\/greve pela reivindica\u00e7\u00e3o das diferen\u00e7as no valor da PLR Social paga aos empregados.<\/p>\n<p>\u201cIsso \u00e9 persegui\u00e7\u00e3o pol\u00edtica! \u00c9 pr\u00e1tica antissindical, condenada por lei\u201d, concluiu Fabiana.<\/p>\n<p><strong>Fonte: Contraf-CUT<\/strong><\/p>\n","protected":false},"excerpt":{"rendered":"<p>O Movimento Sindical Banc\u00e1rio, atrav\u00e9s da Confedera\u00e7\u00e3o Nacional dos Trabalhadores do Ramo Financeiro (Contraf-CUT) enviou um of\u00edcio para o Minist\u00e9rio P\u00fablico do Trabalho (MPT) solicitando a media\u00e7\u00e3o do \u00f3rg\u00e3o sobre o pagamento dos valores referentes \u00e0 promo\u00e7\u00e3o por m\u00e9rito na Caixa Econ\u00f4mica Federal. O banco estipulou um crit\u00e9rio que exclui os empregados que aderiram \u00e0 [&hellip;]<\/p>\n","protected":false},"author":2,"featured_media":12329,"comment_status":"","ping_status":"","sticky":false,"template":"","format":"standard","meta":{"footnotes":""},"categories":[3],"tags":[],"class_list":["post-12330","post","type-post","status-publish","format-standard","has-post-thumbnail","hentry","category-noticias"],"_links":{"self":[{"href":"https:\/\/hostnetart.com.br\/baixada\/wp-json\/wp\/v2\/posts\/12330","targetHints":{"allow":["GET"]}}],"collection":[{"href":"https:\/\/hostnetart.com.br\/baixada\/wp-json\/wp\/v2\/posts"}],"about":[{"href":"https:\/\/hostnetart.com.br\/baixada\/wp-json\/wp\/v2\/types\/post"}],"author":[{"embeddable":true,"href":"https:\/\/hostnetart.com.br\/baixada\/wp-json\/wp\/v2\/users\/2"}],"replies":[{"embeddable":true,"href":"https:\/\/hostnetart.com.br\/baixada\/wp-json\/wp\/v2\/comments?post=12330"}],"version-history":[{"count":0,"href":"https:\/\/hostnetart.com.br\/baixada\/wp-json\/wp\/v2\/posts\/12330\/revisions"}],"wp:featuredmedia":[{"embeddable":true,"href":"https:\/\/hostnetart.com.br\/baixada\/wp-json\/wp\/v2\/media\/12329"}],"wp:attachment":[{"href":"https:\/\/hostnetart.com.br\/baixada\/wp-json\/wp\/v2\/media?parent=12330"}],"wp:term":[{"taxonomy":"category","embeddable":true,"href":"https:\/\/hostnetart.com.br\/baixada\/wp-json\/wp\/v2\/categories?post=12330"},{"taxonomy":"post_tag","embeddable":true,"href":"https:\/\/hostnetart.com.br\/baixada\/wp-json\/wp\/v2\/tags?post=12330"}],"curies":[{"name":"wp","href":"https:\/\/api.w.org\/{rel}","templated":true}]}}