{"id":12328,"date":"2022-03-23T16:20:14","date_gmt":"2022-03-23T19:20:14","guid":{"rendered":"https:\/\/hostnetart.com.br\/baixada\/movimento-sindical-repudia-a-liberacao-do-uso-de-mascaras-em-locais-fechados\/"},"modified":"2022-03-23T16:20:14","modified_gmt":"2022-03-23T19:20:14","slug":"movimento-sindical-repudia-a-liberacao-do-uso-de-mascaras-em-locais-fechados","status":"publish","type":"post","link":"https:\/\/hostnetart.com.br\/baixada\/movimento-sindical-repudia-a-liberacao-do-uso-de-mascaras-em-locais-fechados\/","title":{"rendered":"Movimento Sindical repudia a libera\u00e7\u00e3o do uso de m\u00e1scaras em locais fechados"},"content":{"rendered":"<p>O Movimento Sindical Banc\u00e1rio, atrav\u00e9s da Confedera\u00e7\u00e3o Nacional dos Trabalhadores do Ramo Financeiro (Contraf-CUT) e da Federa\u00e7\u00e3o dos Trabalhadores do Ramo Financeiro dos Estados do Rio de Janeiro e Esp\u00edrito Santo (Fetraf RJ\/ES), das quais o Sindicato dos Banc\u00e1rios da Baixada Fluminense \u00e9 filiado, repudia a libera\u00e7\u00e3o do uso de m\u00e1scaras em locais fechados, anunciada por diversos estados e cidades.<\/p>\n<p>\u201cCom o aumento dos casos na Europa e na \u00c1sia, \u00e9 bom mantermos a aten\u00e7\u00e3o e os cuidados, principalmente, nas ag\u00eancias banc\u00e1rias, que s\u00e3o lugares fechados e sem ventila\u00e7\u00e3o natural. A sa\u00fade de banc\u00e1rias e banc\u00e1rios \u00e9 nossa prioridade&#8221;, afirmou Nilton Dami\u00e3o Esperan\u00e7a, Presidente da Fetraf RJ\/ES.<\/p>\n<p>\u201cManter uso de m\u00e1scara, especialmente em locais fechados, \u00e9 essencial. Europa e \u00c1sia voltam a preocupar. Ambientes banc\u00e1rios n\u00e3o t\u00eam ventila\u00e7\u00e3o natural. \u00c9 irresponsabilidade liberar uso neste momento, principalmente sem qualquer embasamento cient\u00edfico\u201d, afirma Mauro Salles, secret\u00e1rio de Sa\u00fade da Contraf-CUT.<\/p>\n<p>Para o cientista Miguel Nicolelis, remover as m\u00e1scaras e tentar mascarar a verdade, seja sobre o estado real da pandemia no Brasil e no mundo, ou tentar confundir a sociedade com a falsa dicotomia epidemia x endemia \u00e9 literalmente atentar contra a sa\u00fade e o bem-estar de dezenas de milh\u00f5es de brasileiros. \u201cEste \u00e9 um v\u00edrus para n\u00e3o se ter nunca. Nem de forma assintom\u00e1tica, branda ou leve. Ele pode causar m\u00faltiplas complica\u00e7\u00f5es cr\u00f4nica graves que reduzem a qualidade de vida para sempre e podem ser fatais\u201d, disse ao lembrar que todo o mundo vai ter que lidar nos pr\u00f3ximos anos e d\u00e9cadas com milh\u00f5es de pessoas sofrendo de consequ\u00eancias graves desta pandemia. \u201cComo ela n\u00e3o acabou, quanto mais pessoas se infectarem pelo descaso das autoridades, mais casos de covid cr\u00f4nica ocorrer\u00e3o no futuro\u201d, completou.<\/p>\n<p>Nicolelis acredita que todas essas medidas precoces s\u00e3o motivadas por estarmos num ano eleitoral. \u201cPelo seu bem e pelo bem dos seus familiares e da sociedade como um todo, mantenha o uso das m\u00e1scaras, evite ao m\u00e1ximo aglomera\u00e7\u00f5es, vacine-se e n\u00e3o ceda \u00e0 tenta\u00e7\u00e3o de achar que o normal voltou s\u00f3 porque pol\u00edticos incompetentes e irrespons\u00e1veis decretaram. O pre\u00e7o desta rendi\u00e7\u00e3o incondicional \u00e9 caro demais: a qualidade da sua vida futura \u2013 ou a falta dela \u2013 est\u00e1 em jogo. Use m\u00e1scaras e diga n\u00e3o ao absurdo\u201d, aconselha o cientista.<\/p><\/p>\n","protected":false},"excerpt":{"rendered":"<p>O Movimento Sindical Banc\u00e1rio, atrav\u00e9s da Confedera\u00e7\u00e3o Nacional dos Trabalhadores do Ramo Financeiro (Contraf-CUT) e da Federa\u00e7\u00e3o dos Trabalhadores do Ramo Financeiro dos Estados do Rio de Janeiro e Esp\u00edrito Santo (Fetraf RJ\/ES), das quais o Sindicato dos Banc\u00e1rios da Baixada Fluminense \u00e9 filiado, repudia a libera\u00e7\u00e3o do uso de m\u00e1scaras em locais fechados, anunciada [&hellip;]<\/p>\n","protected":false},"author":2,"featured_media":12327,"comment_status":"","ping_status":"","sticky":false,"template":"","format":"standard","meta":{"footnotes":""},"categories":[3],"tags":[],"class_list":["post-12328","post","type-post","status-publish","format-standard","has-post-thumbnail","hentry","category-noticias"],"_links":{"self":[{"href":"https:\/\/hostnetart.com.br\/baixada\/wp-json\/wp\/v2\/posts\/12328","targetHints":{"allow":["GET"]}}],"collection":[{"href":"https:\/\/hostnetart.com.br\/baixada\/wp-json\/wp\/v2\/posts"}],"about":[{"href":"https:\/\/hostnetart.com.br\/baixada\/wp-json\/wp\/v2\/types\/post"}],"author":[{"embeddable":true,"href":"https:\/\/hostnetart.com.br\/baixada\/wp-json\/wp\/v2\/users\/2"}],"replies":[{"embeddable":true,"href":"https:\/\/hostnetart.com.br\/baixada\/wp-json\/wp\/v2\/comments?post=12328"}],"version-history":[{"count":0,"href":"https:\/\/hostnetart.com.br\/baixada\/wp-json\/wp\/v2\/posts\/12328\/revisions"}],"wp:featuredmedia":[{"embeddable":true,"href":"https:\/\/hostnetart.com.br\/baixada\/wp-json\/wp\/v2\/media\/12327"}],"wp:attachment":[{"href":"https:\/\/hostnetart.com.br\/baixada\/wp-json\/wp\/v2\/media?parent=12328"}],"wp:term":[{"taxonomy":"category","embeddable":true,"href":"https:\/\/hostnetart.com.br\/baixada\/wp-json\/wp\/v2\/categories?post=12328"},{"taxonomy":"post_tag","embeddable":true,"href":"https:\/\/hostnetart.com.br\/baixada\/wp-json\/wp\/v2\/tags?post=12328"}],"curies":[{"name":"wp","href":"https:\/\/api.w.org\/{rel}","templated":true}]}}