{"id":12322,"date":"2022-03-22T14:26:50","date_gmt":"2022-03-22T17:26:50","guid":{"rendered":"https:\/\/hostnetart.com.br\/baixada\/nascidos-em-setembro-e-em-outubro-podem-sacar-abono-salarial-nesta-semana\/"},"modified":"2022-03-22T14:26:50","modified_gmt":"2022-03-22T17:26:50","slug":"nascidos-em-setembro-e-em-outubro-podem-sacar-abono-salarial-nesta-semana","status":"publish","type":"post","link":"https:\/\/hostnetart.com.br\/baixada\/nascidos-em-setembro-e-em-outubro-podem-sacar-abono-salarial-nesta-semana\/","title":{"rendered":"Nascidos em setembro e em outubro podem sacar abono salarial nesta semana"},"content":{"rendered":"<p>O pagamento do abono salarial referente ao ano-base 2020 est\u00e1 sendo feito, por lotes,\u00a0desde o dia 8 de fevereiro e ser\u00e1 finalizado em 31 de mar\u00e7o. O benef\u00edcio vale para\u00a0quem trabalhou formalmente durante pelo menos 30 dias no ano de refer\u00eancia, recebendo mensalmente a m\u00e9dia de at\u00e9 dois sal\u00e1rios m\u00ednimos.\u00a0\u00a0\u00a0<\/p>\n<p class=\"ckeditor-subtitle\">Quem deve sacar nesta segunda (21)?<\/p>\n<p>No momento, os trabalhadores da iniciativa privada nascidos em agosto\u00a0recebem pela Caixa\u00a0Econ\u00f4mica Federal. J\u00e1 o Banco do Brasil\u00a0paga neste momento aos trabalhadores do setor p\u00fablico que t\u00eam o 7 como o \u00faltimo d\u00edgito da inscri\u00e7\u00e3o do servidor. O saque pode ser feito at\u00e9 esta segunda-feira (21).\u00a0<\/p>\n<p class=\"ckeditor-subtitle\">Novo lote<\/p>\n<p>A partir de ter\u00e7a-feira (22), um novo lote ser\u00e1 distribu\u00eddo. Ser\u00e1 a vez dos trabalhadores do setor privado nascidos em setembro e os do setor p\u00fablico cujo n\u00famero de inscri\u00e7\u00e3o termina com 8.\u00a0<\/p>\n<p class=\"ckeditor-subtitle\">Calend\u00e1rio\u00a0para trabalhadores da iniciativa privada:\u00a0<\/p>\n<p class=\"ckeditor-img-caption\"><img decoding=\"async\" src=\"https:\/\/images03.brasildefato.com.br\/8c2934b3ed678305820d1f9c7406b95e.jpeg\" \/><br \/>Do dia 17 ao 21 de mar\u00e7o, podem sacar o abono aqueles que fazem anivers\u00e1rio no m\u00eas de agosto \/ Ag\u00eancia Brasil<\/p>\n<p class=\"ckeditor-subtitle\">Calend\u00e1rio para servidores p\u00fablicos:<\/p>\n<p class=\"ckeditor-img-caption\"><img decoding=\"async\" src=\"https:\/\/images02.brasildefato.com.br\/b89c3ebdd7a8882d9cbf18437e030354.jpeg\" \/><br \/>Os trabalhadores do servi\u00e7o p\u00fablico com inscri\u00e7\u00e3o terminada em 7 t\u00eam at\u00e9 o dia 21 de mar\u00e7o para sacar o abono \/ Ag\u00eancia Brasil<\/p>\n<p class=\"ckeditor-subtitle\">Quem pode sacar o abono salarial?\u00a0<\/p>\n<p>O abono de at\u00e9 um sal\u00e1rio m\u00ednimo \u00e9 pago para trabalhadores inscritos no Programa de Integra\u00e7\u00e3o Social (<a href=\"https:\/\/www.caixa.gov.br\/beneficios-trabalhador\/pis\/Paginas\/default.aspx\" target=\"_blank\" rel=\"noopener noreferrer\">PIS<\/a>) ou no Programa de Forma\u00e7\u00e3o do Patrim\u00f4nio do Servidor P\u00fablico (<a href=\"https:\/\/www.bb.com.br\/pbb\/pagina-inicial\/setor-publico\/governo-federal\/gestao\/gestao-de-recursos\/pagamento-de-ordens-bancarias,-salarios-e-beneficios\/pasep#\/\" target=\"_blank\" rel=\"noopener noreferrer\">Pasep<\/a>) h\u00e1 ao menos cinco anos.\u00a0\u00a0<\/p>\n<p>T\u00eam direito ao benef\u00edcio as pessoas com\u00a0v\u00ednculo empregat\u00edcio com uma empresa. N\u00e3o est\u00e3o inclu\u00eddos, por exemplo, os jovens aprendizes ou trabalhadores dom\u00e9sticos que s\u00e3o empregados por pessoas f\u00edsicas.\u00a0\u00a0<\/p>\n<p>S\u00e3o cerca de\u00a0R$20 bilh\u00f5es que, vindos\u00a0do Fundo de Amparo ao Trabalhador (FAT), devem ser distribu\u00eddos entre 22 milh\u00f5es de pessoas no Brasil.<\/p>\n<p><strong>Fonte: Brasil de Fato<\/strong><\/p>\n","protected":false},"excerpt":{"rendered":"<p>O pagamento do abono salarial referente ao ano-base 2020 est\u00e1 sendo feito, por lotes,\u00a0desde o dia 8 de fevereiro e ser\u00e1 finalizado em 31 de mar\u00e7o. O benef\u00edcio vale para\u00a0quem trabalhou formalmente durante pelo menos 30 dias no ano de refer\u00eancia, recebendo mensalmente a m\u00e9dia de at\u00e9 dois sal\u00e1rios m\u00ednimos.\u00a0\u00a0\u00a0 Quem deve sacar nesta segunda [&hellip;]<\/p>\n","protected":false},"author":2,"featured_media":12321,"comment_status":"","ping_status":"","sticky":false,"template":"","format":"standard","meta":{"footnotes":""},"categories":[3],"tags":[],"class_list":["post-12322","post","type-post","status-publish","format-standard","has-post-thumbnail","hentry","category-noticias"],"_links":{"self":[{"href":"https:\/\/hostnetart.com.br\/baixada\/wp-json\/wp\/v2\/posts\/12322","targetHints":{"allow":["GET"]}}],"collection":[{"href":"https:\/\/hostnetart.com.br\/baixada\/wp-json\/wp\/v2\/posts"}],"about":[{"href":"https:\/\/hostnetart.com.br\/baixada\/wp-json\/wp\/v2\/types\/post"}],"author":[{"embeddable":true,"href":"https:\/\/hostnetart.com.br\/baixada\/wp-json\/wp\/v2\/users\/2"}],"replies":[{"embeddable":true,"href":"https:\/\/hostnetart.com.br\/baixada\/wp-json\/wp\/v2\/comments?post=12322"}],"version-history":[{"count":0,"href":"https:\/\/hostnetart.com.br\/baixada\/wp-json\/wp\/v2\/posts\/12322\/revisions"}],"wp:featuredmedia":[{"embeddable":true,"href":"https:\/\/hostnetart.com.br\/baixada\/wp-json\/wp\/v2\/media\/12321"}],"wp:attachment":[{"href":"https:\/\/hostnetart.com.br\/baixada\/wp-json\/wp\/v2\/media?parent=12322"}],"wp:term":[{"taxonomy":"category","embeddable":true,"href":"https:\/\/hostnetart.com.br\/baixada\/wp-json\/wp\/v2\/categories?post=12322"},{"taxonomy":"post_tag","embeddable":true,"href":"https:\/\/hostnetart.com.br\/baixada\/wp-json\/wp\/v2\/tags?post=12322"}],"curies":[{"name":"wp","href":"https:\/\/api.w.org\/{rel}","templated":true}]}}