{"id":12316,"date":"2022-03-21T21:44:39","date_gmt":"2022-03-22T00:44:39","guid":{"rendered":"https:\/\/hostnetart.com.br\/baixada\/dia-internacional-contra-a-discriminacao-racial-o-brasil-precisa-refletir-sobre-a-questao\/"},"modified":"2022-03-21T21:44:39","modified_gmt":"2022-03-22T00:44:39","slug":"dia-internacional-contra-a-discriminacao-racial-o-brasil-precisa-refletir-sobre-a-questao","status":"publish","type":"post","link":"https:\/\/hostnetart.com.br\/baixada\/dia-internacional-contra-a-discriminacao-racial-o-brasil-precisa-refletir-sobre-a-questao\/","title":{"rendered":"Dia Internacional contra a Discrimina\u00e7\u00e3o Racial: o Brasil precisa refletir sobre a quest\u00e3o"},"content":{"rendered":"<p>O assassinato do congol\u00eas Mo\u00efse Kabagambe a pauladas na Barra da Tijuca; a morte a tiros de Durval Te\u00f3filo Filho, em S\u00e3o Gon\u00e7alo, que implorou para que o seu vizinho militar n\u00e3o atirasse contra ele; a abordagem racista num shopping denunciada pelo dentista Igor Palhano, de 30 anos, filho do humorista Mussum; entre tantos outros casos que, com frequ\u00eancia estampam a m\u00eddia brasileira, n\u00e3o s\u00e3o casos isolados e precisam ser discutidos pela sociedade todos os dias.<\/p>\n<p>No entanto, o Dia Internacional contra a Discrimina\u00e7\u00e3o Racial, nesta segunda-feira, 21 de mar\u00e7o, \u00e9 oportunidade para se refletir profundamente sobre o tema. \u201cTemos que nos indignar contra a banaliza\u00e7\u00e3o da morte e o exterm\u00ednio de negros e pobres\u201d, convoca Almir Aguiar, secret\u00e1rio de Combate ao Racismo da Confedera\u00e7\u00e3o Nacional dos Trabalhadores do Ramo Financeiro (Contraf-CUT).<\/p>\n<p>A segrega\u00e7\u00e3o tamb\u00e9m \u00e9 forte no mercado de trabalho. Mesmo quando t\u00eam mais qualifica\u00e7\u00e3o profissional e n\u00edvel de escolaridade, negros e negras recebem sal\u00e1rios inferiores e s\u00e3o os mais afetados pelo desemprego. Pesquisa feita no ano passado pelo Instituto Guetto revelou que quase metade das pessoas negras \u201cn\u00e3o se sentem pertencentes ao seu ambiente de trabalho\u201d, por sofrerem algum tipo de discrimina\u00e7\u00e3o em sua atividade profissional.<\/p>\n<p>Em outra pesquisa, feita em fevereiro deste ano pela empresa digital de coloca\u00e7\u00e3o profissional Catho, 58% dos profissionais negros disseram n\u00e3o ter as mesmas oportunidades que os brancos. Esse sentimento pode ser conferido dentro da pr\u00f3pria categoria dos banc\u00e1rios: dos cerca de 450 mil trabalhadores no setor, segundo o IBGE, apenas 24,7% s\u00e3o negros. \u201cE tamb\u00e9m sabemos que nas demiss\u00f5es dos \u00faltimos anos, muitos negros e negras foram desligados; o sistema financeiro tem sim uma pol\u00edtica discriminat\u00f3ria e a cor da pele \u00e9 um dificultador na ascens\u00e3o profissional\u201d, denuncia Almir.<\/p>\n<h3><strong>O dia contra racismo<\/strong><\/h3>\n<p>O Dia Internacional contra a Discrimina\u00e7\u00e3o Racial foi institu\u00eddo pela Organiza\u00e7\u00e3o das Na\u00e7\u00f5es Unidas (ONU), em 1966, em mem\u00f3ria ao \u201cMassacre de Shaperville\u201d, ocorrido em 21 de mar\u00e7o de 1960, em Johanesburgo, durante o regime Apartheid na \u00c1frica do Sul. Nessa data, cerca de 20 mil pessoas protestavam contra a \u201clei do passe\u201d, que obrigava os negros a andar com identifica\u00e7\u00f5es que limitavam os locais da cidade por onde poderiam circular. Tropas do regime baseado na discrimina\u00e7\u00e3o racial atacaram os manifestantes e promoveram uma chacina: 69 pessoas foram assassinadas e 186, feridas.<\/p>\n<p>\u201cEsta \u00e9 uma data para reflex\u00e3o para que possamos, negros e brancos, lutar para banir o preconceito e o racismo. Esta mudan\u00e7a depende de n\u00f3s, inclusive no voto das elei\u00e7\u00f5es de 2022, buscando representa\u00e7\u00f5es de trabalhadores, mulheres, ind\u00edgenas, negros e negras e LGBTQIA+. \u00c9 a oportunidade de um recome\u00e7o da luta pela emancipa\u00e7\u00e3o popular, igualdade de oportunidades e justi\u00e7a social. Que nossa voz, a\u00e7\u00e3o, voto e participa\u00e7\u00e3o sejam a voz contra toda a forma de opress\u00e3o, intoler\u00e2ncia e discrimina\u00e7\u00e3o\u201d, refor\u00e7a Almir, que tamb\u00e9m \u00e9 militante do Movimento Negro Unificado (MNU).<\/p>\n<p><strong>Fonte: Contraf-CUT<\/strong><\/p>\n","protected":false},"excerpt":{"rendered":"<p>O assassinato do congol\u00eas Mo\u00efse Kabagambe a pauladas na Barra da Tijuca; a morte a tiros de Durval Te\u00f3filo Filho, em S\u00e3o Gon\u00e7alo, que implorou para que o seu vizinho militar n\u00e3o atirasse contra ele; a abordagem racista num shopping denunciada pelo dentista Igor Palhano, de 30 anos, filho do humorista Mussum; entre tantos outros [&hellip;]<\/p>\n","protected":false},"author":2,"featured_media":12315,"comment_status":"","ping_status":"","sticky":false,"template":"","format":"standard","meta":{"footnotes":""},"categories":[3],"tags":[],"class_list":["post-12316","post","type-post","status-publish","format-standard","has-post-thumbnail","hentry","category-noticias"],"_links":{"self":[{"href":"https:\/\/hostnetart.com.br\/baixada\/wp-json\/wp\/v2\/posts\/12316","targetHints":{"allow":["GET"]}}],"collection":[{"href":"https:\/\/hostnetart.com.br\/baixada\/wp-json\/wp\/v2\/posts"}],"about":[{"href":"https:\/\/hostnetart.com.br\/baixada\/wp-json\/wp\/v2\/types\/post"}],"author":[{"embeddable":true,"href":"https:\/\/hostnetart.com.br\/baixada\/wp-json\/wp\/v2\/users\/2"}],"replies":[{"embeddable":true,"href":"https:\/\/hostnetart.com.br\/baixada\/wp-json\/wp\/v2\/comments?post=12316"}],"version-history":[{"count":0,"href":"https:\/\/hostnetart.com.br\/baixada\/wp-json\/wp\/v2\/posts\/12316\/revisions"}],"wp:featuredmedia":[{"embeddable":true,"href":"https:\/\/hostnetart.com.br\/baixada\/wp-json\/wp\/v2\/media\/12315"}],"wp:attachment":[{"href":"https:\/\/hostnetart.com.br\/baixada\/wp-json\/wp\/v2\/media?parent=12316"}],"wp:term":[{"taxonomy":"category","embeddable":true,"href":"https:\/\/hostnetart.com.br\/baixada\/wp-json\/wp\/v2\/categories?post=12316"},{"taxonomy":"post_tag","embeddable":true,"href":"https:\/\/hostnetart.com.br\/baixada\/wp-json\/wp\/v2\/tags?post=12316"}],"curies":[{"name":"wp","href":"https:\/\/api.w.org\/{rel}","templated":true}]}}