{"id":12314,"date":"2022-03-21T03:38:53","date_gmt":"2022-03-21T06:38:53","guid":{"rendered":"https:\/\/hostnetart.com.br\/baixada\/como-o-aumento-no-preco-dos-combustiveis-impacta-o-custo-de-vida-dos-brasileiros\/"},"modified":"2022-03-21T03:38:53","modified_gmt":"2022-03-21T06:38:53","slug":"como-o-aumento-no-preco-dos-combustiveis-impacta-o-custo-de-vida-dos-brasileiros","status":"publish","type":"post","link":"https:\/\/hostnetart.com.br\/baixada\/como-o-aumento-no-preco-dos-combustiveis-impacta-o-custo-de-vida-dos-brasileiros\/","title":{"rendered":"Como o aumento no pre\u00e7o dos combust\u00edveis impacta o custo de vida dos brasileiros"},"content":{"rendered":"<p>Quando a quinzena \u00e9 boa para Jos\u00e9 Wathynson, ele tira cerca de R$ 1.500 como\u00a0<a href=\"https:\/\/www.brasildefato.com.br\/2022\/03\/18\/uber-ifood-e-99-remuneram-menos-que-minimo-e-tem-condicoes-de-trabalho-indecentes-diz-estudo\" target=\"_blank\" rel=\"noopener noreferrer\">entregador de aplicativo<\/a>. Essa poderia at\u00e9 ser uma boa m\u00e9dia salarial, n\u00e3o fossem os gastos com gasolina, que nos \u00faltimos meses tem pesado no bolso do\u00a0<em>motoboy<\/em>. \u201cVoc\u00ea tem que trabalhar mais horas agora, n\u00e9? Por que j\u00e1 que a gente \u00e9\u00a0<em>motoboy\u00a0<\/em>num tem sal\u00e1rio fixo. Se trabalhar tem dinheiro, se n\u00e3o trabalhar n\u00e3o tem. Quando eu tinha que pagar minhas contas, normal, a gente trabalhava entre 7, 8 horas. Agora tem que trabalhar 10, 11 horas por dia s\u00f3 pra pagar as contas\u201d, lamenta Wathynson.\u00a0<\/p>\n<p>J\u00e1 Francisco Alexandre Santos utiliza a moto como meio de transporte para se deslocar de casa at\u00e9 o condom\u00ednio onde trabalha como porteiro. Ele tamb\u00e9m tem sentido significativamente a escalada de pre\u00e7os dos combust\u00edveis. \u201c\u00c9 triste, antes quando eu abastecia totalmente o tanque, eu botava R$ 60 reais, com esse aumento absurdo agora vou chegar a pagar uns R$70\/ 80 reais. Isso vai fazer falta no final do m\u00eas. Infelizmente tem que dar aquele jeitinho brasileiro, n\u00e9? Tentar tirar de um e botar em outro. Sempre vai faltar algo daquilo que n\u00e3o poderia faltar, mas infelizmente vai ficar apertado\u201d, explica Alexandre.\u00a0<em>(Continua ap\u00f3s o v\u00eddeo.)<\/em>\u00a0<\/p>\n<p>Para as mudan\u00e7as sucessivas na bomba, a explica\u00e7\u00e3o vem do aumento de pre\u00e7os nas refinarias, que trouxe um reajuste de 24, 9% no pre\u00e7o do \u00f3leo diesel, de 18,7% na gasolina, e de 16% no g\u00e1s de cozinha. Com mudan\u00e7as t\u00e3o dr\u00e1sticas, s\u00f3 recorrendo aos especialistas para entender essa din\u00e2mica. O economista F\u00e1bio Sobral explica o que est\u00e1 por tr\u00e1s de tantas altas de pre\u00e7os nos \u00faltimos anos: \u201cEla \u00e9 provocada pela\u00a0<a href=\"https:\/\/www.brasildefators.com.br\/2021\/03\/11\/artigo-dolarizacao-e-a-vila-dos-combustiveis\" target=\"_blank\" rel=\"noopener noreferrer\">pol\u00edtica de pre\u00e7os da Petrobras,<\/a>\u00a0ela dolarizou seus pre\u00e7os. Ela optou inclusive por se desfazer de certas partes da Petrobras, optou por entregar os lucros para os acionistas e n\u00e3o reinvestir no processo de refino, de distribui\u00e7\u00e3o do petr\u00f3leo e do g\u00e1s, ela se tornou ent\u00e3o uma empresa predat\u00f3ria em rela\u00e7\u00e3o ao mercado nacional\u201d.<\/p>\n<p>\u201cA Petrobras sobe os combust\u00edveis, os combust\u00edveis s\u00e3o a base da matriz energ\u00e9tica e do transporte de pessoas e cargas, ent\u00e3o isso vai provocando uma rea\u00e7\u00e3o em cadeia. Reduz o n\u00famero de movimenta\u00e7\u00f5es das pessoas, aumenta o pre\u00e7o dos fretes. Isso faz com que as pessoas gastem mais em combust\u00edveis. Se elas gastam mais em combust\u00edvel, elas deixam de gastar em outras \u00e1reas do consumo. Ent\u00e3o o com\u00e9rcio sofre, o com\u00e9rcio sofrendo a ind\u00fastria sofre, e isso vai em cadeia at\u00e9 o come\u00e7o do processo produtivo\u201d, explica Sobral.\u00a0<\/p>\n<p>E nessa rea\u00e7\u00e3o sofre\u00a0principalmente a grande parcela da popula\u00e7\u00e3o que ganha menos, como \u00e9 o caso da diarista Maria Martins, que praticamente n\u00e3o v\u00ea o a cor do dinheiro que recebe: \u201cEsse aumento \u00e9 um absurdo, porque eu n\u00e3o sei como \u00e9 que o g\u00e1s aumenta pelo sal\u00e1rio todinho. Porque nem o sal\u00e1rio subiu desse tanto, vai subir s\u00f3 no g\u00e1s. S\u00f3 que n\u00e3o vai subir s\u00f3 g\u00e1s, vai subir tudo o que a gente for comprar, vai estar com um pre\u00e7o bem mais alto. E como \u00e9 que a gente vai fazer com o salariozinho que n\u00e3o aumentou nada?\u201d, questiona.<\/p>\n<p>Ana Sheila dos Santos, que trabalha como servi\u00e7os gerais em uma academia, tamb\u00e9m tem sofrido para equilibrar o or\u00e7amento dom\u00e9stico: \u201ca gente j\u00e1 n\u00e3o ganha o sal\u00e1rio digno, n\u00e9? O sal\u00e1rio aumenta cem reais e o e o g\u00e1s aumenta um absurdo. Fora as outras coisas como a comida, que \u00e9 o mais caro e que a gente tem que comer todo dia. Um absurdo! Voc\u00ea chega no supermercado com R$ 100 e n\u00e3o traz nada. Ent\u00e3o a gente corta outras coisas. Corta internet, que a gente tem que ter por conta dos filhos, pra estudar, mas vai cortando nas coisas que s\u00e3o menos necess\u00e1rias pra poder equilibrar essas contas\u201d.\u00a0<\/p>\n<p><strong>Guerra na Ucr\u00e2nia influencia, mas o problema \u00e9 anterior<\/strong><\/p>\n<p>A pandemia e a guerra na Ucr\u00e2nia, at\u00e9 tem sua parcela de culpa na situa\u00e7\u00e3o, mas o problema enfrentado hoje j\u00e1 vem de antes. \u00c9 o que defende o Diretor do Sindpetro Cear\u00e1\/Piau\u00ed, Fernandes Neto: \u201cEm 2016, depois do golpe contra a presidenta Dilma, a pol\u00edtica de pre\u00e7os da Petrobras foi alterada. Ela hoje utiliza o que a gente chama da PPI, \u00e9 o Pre\u00e7o de Paridade Internacional. Ele leva em conta, e n\u00e3o deveria levar, a cota\u00e7\u00e3o do d\u00f3lar &#8211; o nosso c\u00e2mbio. Como a nossa moeda est\u00e1 muito desvalorizada em rela\u00e7\u00e3o ao d\u00f3lar, ent\u00e3o j\u00e1 \u00e9 o primeiro impacto. Mas leva em conta tamb\u00e9m o pre\u00e7o do barril de petr\u00f3leo internacional, apesar da gente produzir o nosso petr\u00f3leo aqui em real. Al\u00e9m disso, todos os custos de importa\u00e7\u00e3o desses produtos. Ent\u00e3o a Petrobras est\u00e1 tendo um lucro exorbitante em cima dos seus combust\u00edveis, porque ela est\u00e1 cobrando um pre\u00e7o bem acima do que ela deveria estar cobrando, devido a toda essa pol\u00edtica que vincula pre\u00e7o dos combust\u00edveis ao mercado internacional\u201d.\u00a0<\/p>\n<p><strong>Fonte:\u00a0<\/strong><a href=\"https:\/\/www.brasildefatoce.com.br\/2022\/03\/18\/aumento-dos-combustiveis-impacta-a-vida-dos-trabalhadores\" target=\"_blank\" rel=\"noopener noreferrer\">BdF Cear\u00e1<\/a><\/p>\n","protected":false},"excerpt":{"rendered":"<p>Quando a quinzena \u00e9 boa para Jos\u00e9 Wathynson, ele tira cerca de R$ 1.500 como\u00a0entregador de aplicativo. Essa poderia at\u00e9 ser uma boa m\u00e9dia salarial, n\u00e3o fossem os gastos com gasolina, que nos \u00faltimos meses tem pesado no bolso do\u00a0motoboy. \u201cVoc\u00ea tem que trabalhar mais horas agora, n\u00e9? Por que j\u00e1 que a gente \u00e9\u00a0motoboy\u00a0num [&hellip;]<\/p>\n","protected":false},"author":2,"featured_media":12313,"comment_status":"","ping_status":"","sticky":false,"template":"","format":"standard","meta":{"footnotes":""},"categories":[3],"tags":[],"class_list":["post-12314","post","type-post","status-publish","format-standard","has-post-thumbnail","hentry","category-noticias"],"_links":{"self":[{"href":"https:\/\/hostnetart.com.br\/baixada\/wp-json\/wp\/v2\/posts\/12314","targetHints":{"allow":["GET"]}}],"collection":[{"href":"https:\/\/hostnetart.com.br\/baixada\/wp-json\/wp\/v2\/posts"}],"about":[{"href":"https:\/\/hostnetart.com.br\/baixada\/wp-json\/wp\/v2\/types\/post"}],"author":[{"embeddable":true,"href":"https:\/\/hostnetart.com.br\/baixada\/wp-json\/wp\/v2\/users\/2"}],"replies":[{"embeddable":true,"href":"https:\/\/hostnetart.com.br\/baixada\/wp-json\/wp\/v2\/comments?post=12314"}],"version-history":[{"count":0,"href":"https:\/\/hostnetart.com.br\/baixada\/wp-json\/wp\/v2\/posts\/12314\/revisions"}],"wp:featuredmedia":[{"embeddable":true,"href":"https:\/\/hostnetart.com.br\/baixada\/wp-json\/wp\/v2\/media\/12313"}],"wp:attachment":[{"href":"https:\/\/hostnetart.com.br\/baixada\/wp-json\/wp\/v2\/media?parent=12314"}],"wp:term":[{"taxonomy":"category","embeddable":true,"href":"https:\/\/hostnetart.com.br\/baixada\/wp-json\/wp\/v2\/categories?post=12314"},{"taxonomy":"post_tag","embeddable":true,"href":"https:\/\/hostnetart.com.br\/baixada\/wp-json\/wp\/v2\/tags?post=12314"}],"curies":[{"name":"wp","href":"https:\/\/api.w.org\/{rel}","templated":true}]}}