{"id":12310,"date":"2022-03-18T21:59:36","date_gmt":"2022-03-19T00:59:36","guid":{"rendered":"https:\/\/hostnetart.com.br\/baixada\/santander-nao-concordamos-com-o-retorno-do-grupo-de-risco-ao-presencial\/"},"modified":"2022-03-18T21:59:36","modified_gmt":"2022-03-19T00:59:36","slug":"santander-nao-concordamos-com-o-retorno-do-grupo-de-risco-ao-presencial","status":"publish","type":"post","link":"https:\/\/hostnetart.com.br\/baixada\/santander-nao-concordamos-com-o-retorno-do-grupo-de-risco-ao-presencial\/","title":{"rendered":"Santander, n\u00e3o concordamos com o retorno do grupo de risco ao presencial"},"content":{"rendered":"<p>Em reuni\u00e3o com o banco Santander, na manh\u00e3 desta sexta-feira (18), o movimento sindical banc\u00e1rio refor\u00e7ou que \u00e9 terminantemente contr\u00e1rio ao retorno ao presencial dos trabalhadores do grupo de risco para Covid-19. O\u00a0<a href=\"https:\/\/spbancarios.com.br\/03\/2022\/santander-grupo-de-risco-e-gestantes-convocados-para-retorno-presencial-devem-acionar-o\" target=\"_blank\" rel=\"noopener noreferrer\">comunicado do banco<\/a>, divulgado nesta semana, convoca todos os trabalhadores que t\u00eam comorbidades, incluindo gr\u00e1vidas e funcion\u00e1rios n\u00e3o vacinados, para o trabalho presencial a partir de 4 de abril.<\/p>\n<p>\u201cNessa reuni\u00e3o, que contou inclusive com a m\u00e9dica do trabalho que assessora o banco, deixamos claro que essa medida \u00e9 uma temeridade, principalmente com a chegada da variante Deltacron no Brasil e no mundo. Ainda n\u00e3o podemos falar em fim da pandemia. Quem determina o fim da pandemia \u00e9 a OMS (Organiza\u00e7\u00e3o Mundial da Sa\u00fade) e n\u00e3o o governo federal\u201d, destacou a coordenadora da Comiss\u00e3o de Organiza\u00e7\u00e3o dos Empregados (COE Santander), Lucimara Malaquias, que \u00e9 dirigente do Sindicato dos Banc\u00e1rios de S\u00e3o Paulo, Osasco e Regi\u00e3o.<\/p>\n<p>Diante da postura do banco, o movimento sindical orienta os banc\u00e1rios e banc\u00e1rias que n\u00e3o se sentirem seguros em voltar ao presencial que procurem seus m\u00e9dicos assistentes para laudos que indiquem a condi\u00e7\u00e3o de sa\u00fade do trabalhador e se h\u00e1 ou n\u00e3o seguran\u00e7a para o seu retorno. Pois o banco se comprometeu em avaliar individualmente os casos em que o m\u00e9dico do trabalhador n\u00e3o recomenda o retorno.<\/p>\n<p>O banco tamb\u00e9m se comprometeu em analisar individualmente os casos de n\u00e3o vacinados que t\u00eam justificativa m\u00e9dica para n\u00e3o terem tomado a vacina contra o coronav\u00edrus.<\/p>\n<h3><strong>Carta ao Santander e mobiliza\u00e7\u00e3o nacional<\/strong><\/h3>\n<p>Ainda nesta sexta-feira,\u00a0<a href=\"https:\/\/contrafcut.com.br\/retorno-grupo-de-risco-mar-2022\/\" target=\"_blank\" rel=\"noopener noreferrer\">foi enviada uma carta ao banco<\/a>\u00a0refor\u00e7ando a posi\u00e7\u00e3o contr\u00e1ria ao retorno e elencando reivindica\u00e7\u00f5es do movimento sindical na tentativa de minimizar os impactos e riscos para esse grupo. Entre elas:<\/p>\n<ul>\n<li>a reivindica\u00e7\u00e3o de que se mantenha a obrigatoriedade do uso de m\u00e1scaras, independentemente da legisla\u00e7\u00e3o local;<\/li>\n<li>e que a equipe m\u00e9dica do Santander forne\u00e7a um documento no qual especifique tecnicamente quais s\u00e3o as medidas que o banco est\u00e1 tomando para garantir a seguran\u00e7a, a sa\u00fade e a vida dos trabalhadores de maior risco.<\/li>\n<\/ul>\n<p>\u201c\u00c9 importante ressaltar que o m\u00e9dico do trabalho tem responsabilidade legal em todas as assessorias e orienta\u00e7\u00f5es que ele d\u00e1 para o banco Santander\u201d, observou Lucimara.<\/p>\n<p>Al\u00e9m disso, o movimento sindical est\u00e1 tirando um calend\u00e1rio de lutas e den\u00fancias contra o Santander. \u201cAumentaremos a mobiliza\u00e7\u00e3o nacional contra essas medidas e estamos estudando, inclusive, den\u00fancias formais a \u00f3rg\u00e3os competentes. O momento \u00e9 de apreens\u00e3o, a pandemia n\u00e3o acabou e a responsabilidade \u00e9 de todos na preven\u00e7\u00e3o contra o v\u00edrus\u201d, concluiu.<\/p>\n<p><strong>Fonte:\u00a0SPBanc\u00e1rios, com edi\u00e7\u00f5es da Contraf-CUT<\/strong><\/p>\n","protected":false},"excerpt":{"rendered":"<p>Em reuni\u00e3o com o banco Santander, na manh\u00e3 desta sexta-feira (18), o movimento sindical banc\u00e1rio refor\u00e7ou que \u00e9 terminantemente contr\u00e1rio ao retorno ao presencial dos trabalhadores do grupo de risco para Covid-19. O\u00a0comunicado do banco, divulgado nesta semana, convoca todos os trabalhadores que t\u00eam comorbidades, incluindo gr\u00e1vidas e funcion\u00e1rios n\u00e3o vacinados, para o trabalho presencial [&hellip;]<\/p>\n","protected":false},"author":2,"featured_media":12309,"comment_status":"","ping_status":"","sticky":false,"template":"","format":"standard","meta":{"footnotes":""},"categories":[3],"tags":[],"class_list":["post-12310","post","type-post","status-publish","format-standard","has-post-thumbnail","hentry","category-noticias"],"_links":{"self":[{"href":"https:\/\/hostnetart.com.br\/baixada\/wp-json\/wp\/v2\/posts\/12310","targetHints":{"allow":["GET"]}}],"collection":[{"href":"https:\/\/hostnetart.com.br\/baixada\/wp-json\/wp\/v2\/posts"}],"about":[{"href":"https:\/\/hostnetart.com.br\/baixada\/wp-json\/wp\/v2\/types\/post"}],"author":[{"embeddable":true,"href":"https:\/\/hostnetart.com.br\/baixada\/wp-json\/wp\/v2\/users\/2"}],"replies":[{"embeddable":true,"href":"https:\/\/hostnetart.com.br\/baixada\/wp-json\/wp\/v2\/comments?post=12310"}],"version-history":[{"count":0,"href":"https:\/\/hostnetart.com.br\/baixada\/wp-json\/wp\/v2\/posts\/12310\/revisions"}],"wp:featuredmedia":[{"embeddable":true,"href":"https:\/\/hostnetart.com.br\/baixada\/wp-json\/wp\/v2\/media\/12309"}],"wp:attachment":[{"href":"https:\/\/hostnetart.com.br\/baixada\/wp-json\/wp\/v2\/media?parent=12310"}],"wp:term":[{"taxonomy":"category","embeddable":true,"href":"https:\/\/hostnetart.com.br\/baixada\/wp-json\/wp\/v2\/categories?post=12310"},{"taxonomy":"post_tag","embeddable":true,"href":"https:\/\/hostnetart.com.br\/baixada\/wp-json\/wp\/v2\/tags?post=12310"}],"curies":[{"name":"wp","href":"https:\/\/api.w.org\/{rel}","templated":true}]}}