{"id":12308,"date":"2022-03-18T21:57:39","date_gmt":"2022-03-19T00:57:39","guid":{"rendered":"https:\/\/hostnetart.com.br\/baixada\/contratacao-de-pcds-movimento-sindical-pede-mediacao-do-mpt\/"},"modified":"2022-03-18T21:57:39","modified_gmt":"2022-03-19T00:57:39","slug":"contratacao-de-pcds-movimento-sindical-pede-mediacao-do-mpt","status":"publish","type":"post","link":"https:\/\/hostnetart.com.br\/baixada\/contratacao-de-pcds-movimento-sindical-pede-mediacao-do-mpt\/","title":{"rendered":"Contrata\u00e7\u00e3o de PCDs: Movimento Sindical pede media\u00e7\u00e3o do MPT"},"content":{"rendered":"<p>A Caixa Econ\u00f4mica Federal negou a posse para aproximadamente 58 candidatos aprovados no concurso espec\u00edfico para pessoas com defici\u00eancia (PCDs) realizado em 2021 sob a justificativa de inaptid\u00e3o para o exerc\u00edcio banc\u00e1rio ou descaracteriza\u00e7\u00e3o da defici\u00eancia. Candidatos aprovados que tiveram sua posse negada est\u00e3o realizando diversas den\u00fancias.<\/p>\n<p>Para resolver o impasse, a Confedera\u00e7\u00e3o Nacional dos Trabalhadores do Ramo Financeiro (Contraf-CUT) e a Federa\u00e7\u00e3o Nacional das Associa\u00e7\u00f5es do Pessoal da Caixa (Fenae) solicitaram, nesta sexta-feira (18), a media\u00e7\u00e3o do Minist\u00e9rio P\u00fablico do Trabalho, com a posse dos candidatos que preencherem os requisitos legais, e, caso n\u00e3o se chegue a uma solu\u00e7\u00e3o, a investiga\u00e7\u00e3o pelo MPT a respeito das den\u00fancias e, sendo o caso, o ajuizamento de a\u00e7\u00e3o judicial.<\/p>\n<p>Conforme previsto no edital do concurso (<a href=\"https:\/\/www.cesgranrio.org.br\/pdf\/caixa0121\/caixa0121_edital.pdf\" target=\"_blank\" rel=\"noopener noreferrer\">edital n\u00ba 4\/2021\/NM<\/a>), antes do certame, os candidatos inscritos j\u00e1 tinham sido submetidos a junta m\u00e9dica. No entanto, ap\u00f3s a prova, a Caixa submeteu os aprovados a nova junta m\u00e9dica e passou a eliminar in\u00fameros deles.<\/p>\n<p>\u201cH\u00e1 den\u00fancias de arbitrariedades no entendimento da Caixa do que se configura como defici\u00eancia, por vezes dando posse a candidatos com a mesma defici\u00eancia que candidato eliminado\u201d, informou a coordenadora da Comiss\u00e3o Executiva dos Empregados (CEE) da Caixa, Fabiana Uehara Proscholdt, que tamb\u00e9m \u00e9 secretaria de Cultura da Contraf-CUT, ressaltando que as exig\u00eancias p\u00f3s-certame n\u00e3o constam no edital e a Caixa n\u00e3o demonstra as raz\u00f5es da falta de o tratamento n\u00e3o ison\u00f4mico com o(s) candidato(s) sabatinado(s).<\/p>\n<p>\u201cFazer exig\u00eancias n\u00e3o previstas no edital, mais do que irregular, \u00e9 uma atitude extremamente arbitr\u00e1ria e desrespeitosa. Esperamos uma solu\u00e7\u00e3o\u201d, pontuou o presidente da Fenae, Sergio Takemoto.<\/p>\n<h3><strong>Mais contrata\u00e7\u00f5es<\/strong><\/h3>\n<p>A coordenadora da CEE destacou ainda a sobrecarga \u00e0 qual est\u00e3o submetidos os empregados da Caixa. \u201cEstamos acompanhando os casos atentos aos absurdos cometidos para que se evite contrata\u00e7\u00e3o destes colegas. Alguns foram contratados em concursos de outras empresas como PCDs e a Caixa est\u00e1 dizendo que eles n\u00e3o est\u00e3o caracterizados como tal\u201d, disse.<\/p>\n<p>\u201cNossa luta \u00e9 pela contrata\u00e7\u00e3o de mais empregados de uma forma geral, pois h\u00e1 uma enorme sobrecarga sobre os que est\u00e3o trabalhando atualmente. Ent\u00e3o, \u00e9 preciso contratar PCDs e tamb\u00e9m n\u00e3o PCDs para contribuir na divis\u00e3o de tarefas\u201d, concluiu.<\/p>\n","protected":false},"excerpt":{"rendered":"<p>A Caixa Econ\u00f4mica Federal negou a posse para aproximadamente 58 candidatos aprovados no concurso espec\u00edfico para pessoas com defici\u00eancia (PCDs) realizado em 2021 sob a justificativa de inaptid\u00e3o para o exerc\u00edcio banc\u00e1rio ou descaracteriza\u00e7\u00e3o da defici\u00eancia. Candidatos aprovados que tiveram sua posse negada est\u00e3o realizando diversas den\u00fancias. Para resolver o impasse, a Confedera\u00e7\u00e3o Nacional dos [&hellip;]<\/p>\n","protected":false},"author":2,"featured_media":12307,"comment_status":"","ping_status":"","sticky":false,"template":"","format":"standard","meta":{"footnotes":""},"categories":[3],"tags":[],"class_list":["post-12308","post","type-post","status-publish","format-standard","has-post-thumbnail","hentry","category-noticias"],"_links":{"self":[{"href":"https:\/\/hostnetart.com.br\/baixada\/wp-json\/wp\/v2\/posts\/12308","targetHints":{"allow":["GET"]}}],"collection":[{"href":"https:\/\/hostnetart.com.br\/baixada\/wp-json\/wp\/v2\/posts"}],"about":[{"href":"https:\/\/hostnetart.com.br\/baixada\/wp-json\/wp\/v2\/types\/post"}],"author":[{"embeddable":true,"href":"https:\/\/hostnetart.com.br\/baixada\/wp-json\/wp\/v2\/users\/2"}],"replies":[{"embeddable":true,"href":"https:\/\/hostnetart.com.br\/baixada\/wp-json\/wp\/v2\/comments?post=12308"}],"version-history":[{"count":0,"href":"https:\/\/hostnetart.com.br\/baixada\/wp-json\/wp\/v2\/posts\/12308\/revisions"}],"wp:featuredmedia":[{"embeddable":true,"href":"https:\/\/hostnetart.com.br\/baixada\/wp-json\/wp\/v2\/media\/12307"}],"wp:attachment":[{"href":"https:\/\/hostnetart.com.br\/baixada\/wp-json\/wp\/v2\/media?parent=12308"}],"wp:term":[{"taxonomy":"category","embeddable":true,"href":"https:\/\/hostnetart.com.br\/baixada\/wp-json\/wp\/v2\/categories?post=12308"},{"taxonomy":"post_tag","embeddable":true,"href":"https:\/\/hostnetart.com.br\/baixada\/wp-json\/wp\/v2\/tags?post=12308"}],"curies":[{"name":"wp","href":"https:\/\/api.w.org\/{rel}","templated":true}]}}