{"id":12300,"date":"2022-03-17T22:22:41","date_gmt":"2022-03-18T01:22:41","guid":{"rendered":"https:\/\/hostnetart.com.br\/baixada\/chapa-1-e-eleita-no-sindicato-dos-bancarios-da-baixada-fluminense-com-xx-dos-votos\/"},"modified":"2022-03-17T22:22:41","modified_gmt":"2022-03-18T01:22:41","slug":"chapa-1-e-eleita-no-sindicato-dos-bancarios-da-baixada-fluminense-com-xx-dos-votos","status":"publish","type":"post","link":"https:\/\/hostnetart.com.br\/baixada\/chapa-1-e-eleita-no-sindicato-dos-bancarios-da-baixada-fluminense-com-xx-dos-votos\/","title":{"rendered":"Chapa 1 \u00e9 eleita no Sindicato dos Banc\u00e1rios da Baixada Fluminense com 99% dos votos"},"content":{"rendered":"<p>A\u00a0Chapa 1 &#8211; &#8220;Banc\u00e1rio \u00e9 Essencial\u201d, foi eleita na noite desta quinta-feira, 17 de mar\u00e7o de 2022, com 99% dos votos v\u00e1lidos, para administrar o Sindicato dos Banc\u00e1rios da Baixada Fluminense pelos pr\u00f3ximos quatro anos.<\/p>\n<p>A vota\u00e7\u00e3o come\u00e7ou na ter\u00e7a-feira (15), e se encerrou hoje (17), ap\u00f3s a contagem de votos, na sede do Sindicato, em Duque de Caxias.<\/p>\n<p>Urnas itinerantes percorreram as ag\u00eancias banc\u00e1rias dos dez munic\u00edpios que comp\u00f5em a base territorial do Sindicato.\u00a0Al\u00e9m disso,\u00a0foram\u00a0disponibilizadas urnas fixas em sua Sede e na SubSede, em Nova Igua\u00e7u.<\/p>\n<p>A\u00a0participa\u00e7\u00e3o de banc\u00e1rios e banc\u00e1rias nos dias de vota\u00e7\u00e3o foi bastante expressiva, mostrando o comprometimento da categoria com a entidade sindical.<\/p>\n<p>Pedro Batista, Coordenador Geral, destacou a expressiva vota\u00e7\u00e3o: &#8220;O resultado da elei\u00e7\u00e3o \u00e9 o reflexo de um trabalho bem feito. Um trabalho que vem sendo feito h\u00e1 bastante tempo e que vem dando excelentes resultados em muitas \u00e1reas do Sindicato.&#8221;<\/p>\n<p>&#8220;Ser\u00e3o mais quatro anos para que a unidade seja fortalecida. Precisamos estar unidos. A come\u00e7ar, neste ano importante de 2022, onde teremos elei\u00e7\u00f5es&#8221;, comentou Jos\u00e9 La\u00e9rcio, Coordenador Geral do Sindicato.<\/p>\n<p>Renata Soeiro, Coordenadora Geral eleita, tamb\u00e9m falou da import\u00e2ncia do ano de 2022: &#8220;Este ano teremos elei\u00e7\u00f5es gerais, negocia\u00e7\u00e3o coletiva dos banc\u00e1rios, entre outros acontecimentos importantes. Isso tudo, numa pandemia que, apesar de terem\u00a0flexibilizado\u00a0muitas medidas de seguran\u00e7a, ela ainda n\u00e3o acabou. A partir de agora \u00e9 manter e refor\u00e7ar nosso trabalho de base e o compromisso com a categoria. Deixo meu muito obrigada \u00e0 todas e todos que votaram e acreditaram na Chapa 1. A luta continua.&#8221;<\/p>\n<p>\u00a0<\/p>\n<p>\u00a0<\/p>\n","protected":false},"excerpt":{"rendered":"<p>A\u00a0Chapa 1 &#8211; &#8220;Banc\u00e1rio \u00e9 Essencial\u201d, foi eleita na noite desta quinta-feira, 17 de mar\u00e7o de 2022, com 99% dos votos v\u00e1lidos, para administrar o Sindicato dos Banc\u00e1rios da Baixada Fluminense pelos pr\u00f3ximos quatro anos. A vota\u00e7\u00e3o come\u00e7ou na ter\u00e7a-feira (15), e se encerrou hoje (17), ap\u00f3s a contagem de votos, na sede do Sindicato, [&hellip;]<\/p>\n","protected":false},"author":2,"featured_media":12299,"comment_status":"","ping_status":"","sticky":false,"template":"","format":"standard","meta":{"footnotes":""},"categories":[3],"tags":[],"class_list":["post-12300","post","type-post","status-publish","format-standard","has-post-thumbnail","hentry","category-noticias"],"_links":{"self":[{"href":"https:\/\/hostnetart.com.br\/baixada\/wp-json\/wp\/v2\/posts\/12300","targetHints":{"allow":["GET"]}}],"collection":[{"href":"https:\/\/hostnetart.com.br\/baixada\/wp-json\/wp\/v2\/posts"}],"about":[{"href":"https:\/\/hostnetart.com.br\/baixada\/wp-json\/wp\/v2\/types\/post"}],"author":[{"embeddable":true,"href":"https:\/\/hostnetart.com.br\/baixada\/wp-json\/wp\/v2\/users\/2"}],"replies":[{"embeddable":true,"href":"https:\/\/hostnetart.com.br\/baixada\/wp-json\/wp\/v2\/comments?post=12300"}],"version-history":[{"count":0,"href":"https:\/\/hostnetart.com.br\/baixada\/wp-json\/wp\/v2\/posts\/12300\/revisions"}],"wp:featuredmedia":[{"embeddable":true,"href":"https:\/\/hostnetart.com.br\/baixada\/wp-json\/wp\/v2\/media\/12299"}],"wp:attachment":[{"href":"https:\/\/hostnetart.com.br\/baixada\/wp-json\/wp\/v2\/media?parent=12300"}],"wp:term":[{"taxonomy":"category","embeddable":true,"href":"https:\/\/hostnetart.com.br\/baixada\/wp-json\/wp\/v2\/categories?post=12300"},{"taxonomy":"post_tag","embeddable":true,"href":"https:\/\/hostnetart.com.br\/baixada\/wp-json\/wp\/v2\/tags?post=12300"}],"curies":[{"name":"wp","href":"https:\/\/api.w.org\/{rel}","templated":true}]}}