{"id":12290,"date":"2022-03-16T14:46:16","date_gmt":"2022-03-16T17:46:16","guid":{"rendered":"https:\/\/hostnetart.com.br\/baixada\/fique-por-dentro-do-processo-eleitoral-da-funcef\/"},"modified":"2022-03-16T14:46:16","modified_gmt":"2022-03-16T17:46:16","slug":"fique-por-dentro-do-processo-eleitoral-da-funcef","status":"publish","type":"post","link":"https:\/\/hostnetart.com.br\/baixada\/fique-por-dentro-do-processo-eleitoral-da-funcef\/","title":{"rendered":"Fique por dentro do processo eleitoral da Funcef"},"content":{"rendered":"<p>O processo para a elei\u00e7\u00e3o dos novos diretores de Benef\u00edcios e de Administra\u00e7\u00e3o e Controladoria, dois conselheiros deliberativos e um conselheiro fiscal da Funda\u00e7\u00e3o dos Economi\u00e1rios Federais (Funcef) est\u00e1 a pleno vapor. Tamb\u00e9m ser\u00e3o eleitos os respectivos suplentes para cada cargo em disputa. A comiss\u00e3o eleitoral divulgou os\u00a0<a href=\"https:\/\/www.funcef.com.br\/portal\/menu-principal\/comunicacao\/comissao-eleitoral-apresenta-lista-de-candidatos-que-solicitaram-inscricao.htm\" target=\"_blank\" rel=\"noopener noreferrer\">nomes dos candidatos<\/a>\u00a0na segunda-feira (14) e agora vai analisar se os mesmos cumprem os requisitos exigidos.<\/p>\n<p>Todo participante ativo e os assistidos com mais de 18 anos com benef\u00edcio vital\u00edcio, que tenha se inscrito at\u00e9 31 de janeiro de 2022 em planos de benef\u00edcios administrados pela Funcef tem direito a voto. Caso exista mais de um assistido, cujo benef\u00edcio tenha tido o mesmo participante ou assistido por origem, ser\u00e1 considerado eleitor o benefici\u00e1rio mais idoso. As vota\u00e7\u00f5es do primeiro turno ser\u00e3o realizadas entre 22 e 25 de abril. Caso haja necessidade de segundo turno, as vota\u00e7\u00f5es ocorrer\u00e3o de 29 de abril a 2 de maio.<\/p>\n<h3><strong>Mudan\u00e7as<\/strong><\/h3>\n<p>No\u00a0<a href=\"https:\/\/www.funcef.com.br\/COSOC\/arquivos\/eleicoes2022\/index.html#mudancas\" target=\"_blank\" rel=\"noopener noreferrer\">novo modelo eleitoral<\/a>, a chapa fechada foi substitu\u00edda pelas candidaturas individuais ao cargo pleiteado. Os concorrentes podem se organizar em grupos para a disputa, sendo eleitos os mais votados.<\/p>\n<p>Os mandatos tamb\u00e9m deixam de ser sincronizados, com renova\u00e7\u00e3o de metade dos membros da Diretoria Executiva e do Conselho Deliberativo a cada dois anos.<\/p>\n<p><strong>Fonte: Contraf-CUT<\/strong><\/p>\n","protected":false},"excerpt":{"rendered":"<p>O processo para a elei\u00e7\u00e3o dos novos diretores de Benef\u00edcios e de Administra\u00e7\u00e3o e Controladoria, dois conselheiros deliberativos e um conselheiro fiscal da Funda\u00e7\u00e3o dos Economi\u00e1rios Federais (Funcef) est\u00e1 a pleno vapor. Tamb\u00e9m ser\u00e3o eleitos os respectivos suplentes para cada cargo em disputa. A comiss\u00e3o eleitoral divulgou os\u00a0nomes dos candidatos\u00a0na segunda-feira (14) e agora vai [&hellip;]<\/p>\n","protected":false},"author":2,"featured_media":12289,"comment_status":"","ping_status":"","sticky":false,"template":"","format":"standard","meta":{"footnotes":""},"categories":[3],"tags":[],"class_list":["post-12290","post","type-post","status-publish","format-standard","has-post-thumbnail","hentry","category-noticias"],"_links":{"self":[{"href":"https:\/\/hostnetart.com.br\/baixada\/wp-json\/wp\/v2\/posts\/12290","targetHints":{"allow":["GET"]}}],"collection":[{"href":"https:\/\/hostnetart.com.br\/baixada\/wp-json\/wp\/v2\/posts"}],"about":[{"href":"https:\/\/hostnetart.com.br\/baixada\/wp-json\/wp\/v2\/types\/post"}],"author":[{"embeddable":true,"href":"https:\/\/hostnetart.com.br\/baixada\/wp-json\/wp\/v2\/users\/2"}],"replies":[{"embeddable":true,"href":"https:\/\/hostnetart.com.br\/baixada\/wp-json\/wp\/v2\/comments?post=12290"}],"version-history":[{"count":0,"href":"https:\/\/hostnetart.com.br\/baixada\/wp-json\/wp\/v2\/posts\/12290\/revisions"}],"wp:featuredmedia":[{"embeddable":true,"href":"https:\/\/hostnetart.com.br\/baixada\/wp-json\/wp\/v2\/media\/12289"}],"wp:attachment":[{"href":"https:\/\/hostnetart.com.br\/baixada\/wp-json\/wp\/v2\/media?parent=12290"}],"wp:term":[{"taxonomy":"category","embeddable":true,"href":"https:\/\/hostnetart.com.br\/baixada\/wp-json\/wp\/v2\/categories?post=12290"},{"taxonomy":"post_tag","embeddable":true,"href":"https:\/\/hostnetart.com.br\/baixada\/wp-json\/wp\/v2\/tags?post=12290"}],"curies":[{"name":"wp","href":"https:\/\/api.w.org\/{rel}","templated":true}]}}