{"id":1229,"date":"2014-05-16T00:00:00","date_gmt":"2014-05-16T03:00:00","guid":{"rendered":"https:\/\/hostnetart.com.br\/baixada\/manifesto-por-mais-funcionarios-no-santander\/"},"modified":"2014-05-16T00:00:00","modified_gmt":"2014-05-16T03:00:00","slug":"manifesto-por-mais-funcionarios-no-santander","status":"publish","type":"post","link":"https:\/\/hostnetart.com.br\/baixada\/manifesto-por-mais-funcionarios-no-santander\/","title":{"rendered":"MANIFESTO POR MAIS FUNCION\u00c1RIOS NO SANTANDER"},"content":{"rendered":"<p><strong>MANIFESTO POR MAIS FUNCION\u00c1RIOS NO SANTANDER<\/strong><\/p>\n<p>O Sindicato dos Banc\u00e1rios da Baixada Fluminense \u00a0est\u00e1 protestando contra a pol\u00edtica de gest\u00e3o adotada pelo atual presidente do Santander Brasil, Jes\u00fas Zabalza, que prioriza o corte de custos por meio da demiss\u00e3o, o que leva \u00e0 precariza\u00e7\u00e3o do atendimento. Nos \u00faltimos 12 meses, o Santander eliminou mais de\u00a0 4.800 postos de trabalho. S\u00e3o milhares de trabalhadores a menos, ao mesmo tempo, em que ganhou 3 milh\u00f5es de novos.<\/p>\n<p>clientes.<\/p>\n<p>\u00a0<\/p>\n<p>Tudo isso fez com que o Santander figurasse na lideran\u00e7a de reclama\u00e7\u00f5es do Banco Central pelo terceiro m\u00eas seguido em 2014 e tamb\u00e9m pela sobrecarga de trabalho, que gera uma s\u00e9rie de doen\u00e7as ocupacionais nos banc\u00e1rios. No ano passado, o Santander arrecadou quase 10 bilh\u00f5es de reais s\u00f3 com as tarifas cobradas. Com esse valor, o banco poderia contratar mais 25 mil. O Banco tem lucro, e a unidade brasileira responde por 20% do lucro mundial. Portanto, nada justifica a pol\u00edtica de corte de postos de trabalho adotada pelo banco. N\u00f3s, trabalhadores, usu\u00e1rios e clientes, reivindicamos a redu\u00e7\u00e3o das tarifas, o fim das demiss\u00f5es e a imediata\u00a0\u00a0 contrata\u00e7\u00e3o de mais banc\u00e1rios! Trabalhadores, usu\u00e1rios e clientes do Santander.<\/p>\n<p><strong>MANIFESTO:<\/strong><\/p>\n<p>Nas ag\u00eancias percorridas no dia 14 de maio os dirigentes sindicais leram um manifesto criticando a atual gest\u00e3o do banco. Os clientes assinaram carta endere\u00e7ada ao presidente da filial espanhola do banco, Jes\u00fas Zabalza, cobrando a diminui\u00e7\u00e3o de tarifas e a contrata\u00e7\u00e3o de mais funcion\u00e1rios e o fim das demiss\u00f5es.<\/p>\n","protected":false},"excerpt":{"rendered":"<p>MANIFESTO POR MAIS FUNCION\u00c1RIOS NO SANTANDER O Sindicato dos Banc\u00e1rios da Baixada Fluminense \u00a0est\u00e1 protestando contra a pol\u00edtica de gest\u00e3o adotada pelo atual presidente do Santander Brasil, Jes\u00fas Zabalza, que prioriza o corte de custos por meio da demiss\u00e3o, o que leva \u00e0 precariza\u00e7\u00e3o do atendimento. Nos \u00faltimos 12 meses, o Santander eliminou mais de\u00a0 [&hellip;]<\/p>\n","protected":false},"author":1,"featured_media":1228,"comment_status":"","ping_status":"","sticky":false,"template":"","format":"standard","meta":{"footnotes":""},"categories":[3],"tags":[],"class_list":["post-1229","post","type-post","status-publish","format-standard","has-post-thumbnail","hentry","category-noticias"],"_links":{"self":[{"href":"https:\/\/hostnetart.com.br\/baixada\/wp-json\/wp\/v2\/posts\/1229","targetHints":{"allow":["GET"]}}],"collection":[{"href":"https:\/\/hostnetart.com.br\/baixada\/wp-json\/wp\/v2\/posts"}],"about":[{"href":"https:\/\/hostnetart.com.br\/baixada\/wp-json\/wp\/v2\/types\/post"}],"author":[{"embeddable":true,"href":"https:\/\/hostnetart.com.br\/baixada\/wp-json\/wp\/v2\/users\/1"}],"replies":[{"embeddable":true,"href":"https:\/\/hostnetart.com.br\/baixada\/wp-json\/wp\/v2\/comments?post=1229"}],"version-history":[{"count":0,"href":"https:\/\/hostnetart.com.br\/baixada\/wp-json\/wp\/v2\/posts\/1229\/revisions"}],"wp:featuredmedia":[{"embeddable":true,"href":"https:\/\/hostnetart.com.br\/baixada\/wp-json\/wp\/v2\/media\/1228"}],"wp:attachment":[{"href":"https:\/\/hostnetart.com.br\/baixada\/wp-json\/wp\/v2\/media?parent=1229"}],"wp:term":[{"taxonomy":"category","embeddable":true,"href":"https:\/\/hostnetart.com.br\/baixada\/wp-json\/wp\/v2\/categories?post=1229"},{"taxonomy":"post_tag","embeddable":true,"href":"https:\/\/hostnetart.com.br\/baixada\/wp-json\/wp\/v2\/tags?post=1229"}],"curies":[{"name":"wp","href":"https:\/\/api.w.org\/{rel}","templated":true}]}}