{"id":12288,"date":"2022-03-16T14:43:00","date_gmt":"2022-03-16T17:43:00","guid":{"rendered":"https:\/\/hostnetart.com.br\/baixada\/movimento-sindical-reforca-necessidade-de-cuidados-contra-covid-19\/"},"modified":"2022-03-16T14:43:00","modified_gmt":"2022-03-16T17:43:00","slug":"movimento-sindical-reforca-necessidade-de-cuidados-contra-covid-19","status":"publish","type":"post","link":"https:\/\/hostnetart.com.br\/baixada\/movimento-sindical-reforca-necessidade-de-cuidados-contra-covid-19\/","title":{"rendered":"Movimento Sindical refor\u00e7a necessidade de cuidados contra covid-19"},"content":{"rendered":"<p>O Movimento Sindical Banc\u00e1rio refor\u00e7a que os banc\u00e1rios n\u00e3o devem se descuidar das medidas protetivas contra a covid-19, principalmente nos locais de trabalho. A preocupa\u00e7\u00e3o surgiu ap\u00f3s a desobriga\u00e7\u00e3o do uso de m\u00e1scaras em lugares abertos, em algumas capitais.<\/p>\n<p>\u201cAlertamos a import\u00e2ncia de mantermos cuidados diante da pandemia. \u00c9 fundamental continuar usando m\u00e1scaras, especialmente em locais fechados. \u00c9 irresponsabilidade a libera\u00e7\u00e3o do uso de m\u00e1scara quando temos ainda quase 30% sem o ciclo vacinal completo e n\u00e3o podemos descartar o surgimento de novas variantes\u201d, afirmou Mauro Salles, secret\u00e1rio de Sa\u00fade do Trabalhador da Contraf-CUT.<\/p>\n<p>O boletim do Observat\u00f3rio Covid-19, divulgado pela Funda\u00e7\u00e3o Oswaldo Cruz (Fiocruz), diz que o relaxamento de medidas protetivas contra a covid-19, como o uso de m\u00e1scaras em locais fechados de forma irrestrita, \u00e9 prematuro. Os pesquisadores afirmam que as pr\u00f3ximas semanas ser\u00e3o fundamentais para entender a din\u00e2mica de transmiss\u00e3o da doen\u00e7a e que ainda n\u00e3o \u00e9 poss\u00edvel avaliar o efeito das festas e viagens no per\u00edodo do carnaval. Por isso, eles sugerem que o uso de m\u00e1scaras deve ser mantido por duas a dez semanas ap\u00f3s a meta de cobertura vacinal ser atingida, entre 70% e 90%. Com o surgimento da variante \u00d4micron e sua maior capacidade de escape dos anticorpos, o boletim afirma que as m\u00e1scaras ficaram ainda mais importantes.<\/p>\n<p>\u201cJ\u00e1 foram detectados dois casos da variante Deltacron, uma jun\u00e7\u00e3o das variantes Delta e \u00d4micron, no Brasil. Temos de continuar cuidando de nossa sa\u00fade. Flexibilizar medidas de forma irrestrita colabora para um poss\u00edvel aumento e n\u00e3o nos protege de uma nova onda. O ideal \u00e9 voltarmos ao padr\u00e3o do in\u00edcio da pandemia, quando recomend\u00e1vamos fortemente usar m\u00e1scaras, higienizar as m\u00e3os e evitar as aglomera\u00e7\u00f5es. As medidas de mitiga\u00e7\u00e3o tomadas at\u00e9 ent\u00e3o para controlar a pandemia ocorreram de forma tardia, quando as ondas de cont\u00e1gio j\u00e1 haviam se instalado, e n\u00e3o de forma proativa, para impedir que se formassem. Temos de reverter este quadro\u201d, apontou Mauro Salles.<\/p>\n<p>O cen\u00e1rio atual \u00e9 de descida nas curvas de casos e \u00f3bitos ap\u00f3s o pico da variante \u00d4micron no Brasil. A Fiocruz alerta, por\u00e9m, que a redu\u00e7\u00e3o da incid\u00eancia ap\u00f3s o pico sempre ocorre de forma mais lenta que a subida da curva.<\/p>\n<p>O boletim informa, tamb\u00e9m, que os dados registrados entre 20 de fevereiro e 5 de mar\u00e7o mostram uma queda de 48% nos novos casos e de 33% na m\u00e9dia m\u00f3vel de mortes, na compara\u00e7\u00e3o com a quinzena anterior. Mesmo assim, ainda s\u00e3o registradas, em m\u00e9dia, 570 v\u00edtimas de covid-19 no pa\u00eds por dia.<\/p>\n<p>Al\u00e9m da queda nos casos, a Fiocruz mostra que tamb\u00e9m h\u00e1 uma ligeira redu\u00e7\u00e3o no \u00edndice de positividade dos testes RT-PCR para covid-19. Devido a isso, a expectativa \u00e9 que as pr\u00f3ximas semanas mantenham a redu\u00e7\u00e3o dos indicadores que mais preocupam a popula\u00e7\u00e3o e os servi\u00e7os de sa\u00fade: a mortalidade e a interna\u00e7\u00e3o em Unidade de Terapia Intensiva (UTI) por covid-19.<\/p>\n<h3>Projeto que obriga retorno de gestantes vacinadas<\/h3>\n<p>O secret\u00e1rio de Sa\u00fade da Contraf-CUT tamb\u00e9m critica o projeto de lei 2.058\/2021, que determina a volta das gestantes ao trabalho presencial ap\u00f3s a vacina\u00e7\u00e3o contra o coronav\u00edrus, aprovado na C\u00e2mara dos Deputados em fevereiro. O texto aguarda san\u00e7\u00e3o presidencial. \u201cTamb\u00e9m \u00e9 irrespons\u00e1vel a medida do Governo Federal liberando gr\u00e1vidas para volta trabalho presencial. Devemos proteger os grupos com mais riscos diante da pandemia e as gr\u00e1vidas fazem parte desse grupo. Nos bancos deve ser mantido o uso de m\u00e1scaras pelos banc\u00e1rios e a manuten\u00e7\u00e3o das colegas gr\u00e1vidas em home office\u201d, finalizou.<\/p>\n<p><strong>Fonte: Contraf-CUT<\/strong><\/p>\n","protected":false},"excerpt":{"rendered":"<p>O Movimento Sindical Banc\u00e1rio refor\u00e7a que os banc\u00e1rios n\u00e3o devem se descuidar das medidas protetivas contra a covid-19, principalmente nos locais de trabalho. A preocupa\u00e7\u00e3o surgiu ap\u00f3s a desobriga\u00e7\u00e3o do uso de m\u00e1scaras em lugares abertos, em algumas capitais. \u201cAlertamos a import\u00e2ncia de mantermos cuidados diante da pandemia. \u00c9 fundamental continuar usando m\u00e1scaras, especialmente em [&hellip;]<\/p>\n","protected":false},"author":2,"featured_media":12287,"comment_status":"","ping_status":"","sticky":false,"template":"","format":"standard","meta":{"footnotes":""},"categories":[3],"tags":[],"class_list":["post-12288","post","type-post","status-publish","format-standard","has-post-thumbnail","hentry","category-noticias"],"_links":{"self":[{"href":"https:\/\/hostnetart.com.br\/baixada\/wp-json\/wp\/v2\/posts\/12288","targetHints":{"allow":["GET"]}}],"collection":[{"href":"https:\/\/hostnetart.com.br\/baixada\/wp-json\/wp\/v2\/posts"}],"about":[{"href":"https:\/\/hostnetart.com.br\/baixada\/wp-json\/wp\/v2\/types\/post"}],"author":[{"embeddable":true,"href":"https:\/\/hostnetart.com.br\/baixada\/wp-json\/wp\/v2\/users\/2"}],"replies":[{"embeddable":true,"href":"https:\/\/hostnetart.com.br\/baixada\/wp-json\/wp\/v2\/comments?post=12288"}],"version-history":[{"count":0,"href":"https:\/\/hostnetart.com.br\/baixada\/wp-json\/wp\/v2\/posts\/12288\/revisions"}],"wp:featuredmedia":[{"embeddable":true,"href":"https:\/\/hostnetart.com.br\/baixada\/wp-json\/wp\/v2\/media\/12287"}],"wp:attachment":[{"href":"https:\/\/hostnetart.com.br\/baixada\/wp-json\/wp\/v2\/media?parent=12288"}],"wp:term":[{"taxonomy":"category","embeddable":true,"href":"https:\/\/hostnetart.com.br\/baixada\/wp-json\/wp\/v2\/categories?post=12288"},{"taxonomy":"post_tag","embeddable":true,"href":"https:\/\/hostnetart.com.br\/baixada\/wp-json\/wp\/v2\/tags?post=12288"}],"curies":[{"name":"wp","href":"https:\/\/api.w.org\/{rel}","templated":true}]}}