{"id":12286,"date":"2022-03-15T18:32:46","date_gmt":"2022-03-15T21:32:46","guid":{"rendered":"https:\/\/hostnetart.com.br\/baixada\/santander-comete-praticas-antissindicais\/"},"modified":"2022-03-15T18:32:46","modified_gmt":"2022-03-15T21:32:46","slug":"santander-comete-praticas-antissindicais","status":"publish","type":"post","link":"https:\/\/hostnetart.com.br\/baixada\/santander-comete-praticas-antissindicais\/","title":{"rendered":"Santander comete pr\u00e1ticas antissindicais"},"content":{"rendered":"<p>O Minist\u00e9rio P\u00fablico do Trabalho (MPT) da 2\u00aa Regi\u00e3o reconheceu que as demiss\u00f5es em massa promovidas pelo Santander configuram pr\u00e1tica antissindical. O\u00a0<a href=\"https:\/\/economia.ig.com.br\/2021-08-04\/santander-condenacao-demissao-em-massa.html\" target=\"_blank\" rel=\"noopener noreferrer\">parecer foi emitido a partir de a\u00e7\u00e3o<\/a>\u00a0promovida pelo Sindicato dos Banc\u00e1rios de S\u00e3o Paulo, Osasco e Regi\u00e3o sobre demiss\u00f5es em massa na Vila Santander em 2018.<\/p>\n<p>Segundo a procuradora Emilie Margret Henriques Neto, \u201cda an\u00e1lise do objeto da a\u00e7\u00e3o mencionada, extraiu-se que as dispensas coletivas sem pr\u00e9via negocia\u00e7\u00e3o foram tratadas como atos antissindicais praticados pelo banco inquirido, que foi condenado em primeiro grau a se abster de tais pr\u00e1ticas. As dispensas em massa s\u00e3o, de fato, esp\u00e9cies de atos antissindicais, conforme se extrai da\u00a0<a href=\"https:\/\/mpt.mp.br\/pgt\/noticias\/notatecnica7conalisdispensacoletiva.pdf\" target=\"_blank\" rel=\"noopener noreferrer\">Nota T\u00e9cnica CONALIS 07\/2020<\/a>\u201d.<\/p>\n<p><a href=\"https:\/\/spbancarios.com.br\/03\/2022\/mpt-reconhece-pratica-antissindical-do-santander\" target=\"_blank\" rel=\"noopener noreferrer\">Para a dirigente do sindical Ana Marta Lima<\/a>, \u00e9 muito importante o reconhecimento pelo MPT de que as demiss\u00f5es em massa praticadas pelo Santander configuram pr\u00e1tica antissindical. \u201cContinuaremos a denunciar esta postura do banco de impor decis\u00f5es arbitr\u00e1rias e unilaterais, sem di\u00e1logo ou negocia\u00e7\u00e3o com a representa\u00e7\u00e3o dos trabalhadores, tanto nas nossas a\u00e7\u00f5es sindicais quanto em a\u00e7\u00f5es na Justi\u00e7a\u201d, disse.<\/p>\n<h3><strong>Reincid\u00eancia<\/strong><\/h3>\n<p>Segundo o secret\u00e1rio de Assuntos Socioecon\u00f4micos e representante da Confedera\u00e7\u00e3o Nacional dos Trabalhadores do Ramo Financeiro (Contraf-CUT), Mario Raia, a institui\u00e7\u00e3o tem hist\u00f3rico de condena\u00e7\u00f5es por desrespeito aos funcion\u00e1rios e entidades de representa\u00e7\u00e3o sindical.<\/p>\n<p>\u201cO banco n\u00e3o reconhece devidamente os esfor\u00e7os que seus funcion\u00e1rios realizam no desempenho de suas fun\u00e7\u00f5es e, mais do que isso, que busca cercear o direito de representa\u00e7\u00e3o sindical\u201d, disse.<\/p>\n<p>O dirigente da Contraf-CUT lembrou ainda que o banco \u00e9 reincidente nestes casos. \u201cS\u00e3o muitas ocorr\u00eancias em diversas partes do pa\u00eds. O banco j\u00e1 foi at\u00e9 condenado a pagar indeniza\u00e7\u00e3o de\u00a0<a href=\"https:\/\/contrafcut.com.br\/noticias\/santander-tera-de-pagar-r-274-milhoes-por-adoecer-bancarios\" target=\"_blank\" rel=\"noopener noreferrer\">R$ 274 milh\u00f5es por dano moral coletivo<\/a>, por exigir o cumprimento de metas abusivas, que elevaram o \u00edndice de adoecimento mental em fun\u00e7\u00e3o do trabalho. As leis e os trabalhadores brasileiros parecem n\u00e3o valer nada para o banco espanhol. Pensam que podem fazer o que quiserem aqui\u201d, completou o dirigente da Contraf-CUT.<\/p>\n<p><strong>Fonte:\u00a0Contraf-CUT, com informa\u00e7\u00f5es do SPBanc\u00e1rios<\/strong><\/p>\n","protected":false},"excerpt":{"rendered":"<p>O Minist\u00e9rio P\u00fablico do Trabalho (MPT) da 2\u00aa Regi\u00e3o reconheceu que as demiss\u00f5es em massa promovidas pelo Santander configuram pr\u00e1tica antissindical. O\u00a0parecer foi emitido a partir de a\u00e7\u00e3o\u00a0promovida pelo Sindicato dos Banc\u00e1rios de S\u00e3o Paulo, Osasco e Regi\u00e3o sobre demiss\u00f5es em massa na Vila Santander em 2018. Segundo a procuradora Emilie Margret Henriques Neto, \u201cda [&hellip;]<\/p>\n","protected":false},"author":2,"featured_media":12285,"comment_status":"","ping_status":"","sticky":false,"template":"","format":"standard","meta":{"footnotes":""},"categories":[3],"tags":[],"class_list":["post-12286","post","type-post","status-publish","format-standard","has-post-thumbnail","hentry","category-noticias"],"_links":{"self":[{"href":"https:\/\/hostnetart.com.br\/baixada\/wp-json\/wp\/v2\/posts\/12286","targetHints":{"allow":["GET"]}}],"collection":[{"href":"https:\/\/hostnetart.com.br\/baixada\/wp-json\/wp\/v2\/posts"}],"about":[{"href":"https:\/\/hostnetart.com.br\/baixada\/wp-json\/wp\/v2\/types\/post"}],"author":[{"embeddable":true,"href":"https:\/\/hostnetart.com.br\/baixada\/wp-json\/wp\/v2\/users\/2"}],"replies":[{"embeddable":true,"href":"https:\/\/hostnetart.com.br\/baixada\/wp-json\/wp\/v2\/comments?post=12286"}],"version-history":[{"count":0,"href":"https:\/\/hostnetart.com.br\/baixada\/wp-json\/wp\/v2\/posts\/12286\/revisions"}],"wp:featuredmedia":[{"embeddable":true,"href":"https:\/\/hostnetart.com.br\/baixada\/wp-json\/wp\/v2\/media\/12285"}],"wp:attachment":[{"href":"https:\/\/hostnetart.com.br\/baixada\/wp-json\/wp\/v2\/media?parent=12286"}],"wp:term":[{"taxonomy":"category","embeddable":true,"href":"https:\/\/hostnetart.com.br\/baixada\/wp-json\/wp\/v2\/categories?post=12286"},{"taxonomy":"post_tag","embeddable":true,"href":"https:\/\/hostnetart.com.br\/baixada\/wp-json\/wp\/v2\/tags?post=12286"}],"curies":[{"name":"wp","href":"https:\/\/api.w.org\/{rel}","templated":true}]}}