{"id":12280,"date":"2022-03-15T03:28:46","date_gmt":"2022-03-15T06:28:46","guid":{"rendered":"https:\/\/hostnetart.com.br\/baixada\/negociar-e-diferente-de-impor\/"},"modified":"2022-03-15T03:28:46","modified_gmt":"2022-03-15T06:28:46","slug":"negociar-e-diferente-de-impor","status":"publish","type":"post","link":"https:\/\/hostnetart.com.br\/baixada\/negociar-e-diferente-de-impor\/","title":{"rendered":"Negociar \u00e9 diferente de impor"},"content":{"rendered":"<p>Em reuni\u00e3o com a Comiss\u00e3o Executiva dos Empregados (CEE) ocorrida na ter\u00e7a-feira (8), a Caixa Econ\u00f4mica Federal se negou a negociar sobre a proposta final de pagamento do valor referente \u00e0 promo\u00e7\u00e3o de progress\u00e3o na carreira (delta) aos trabalhadores. O banco vai excluir do p\u00fablico eleg\u00edvel todos aqueles que tiveram falta injustificada durante o ano de 2021, penalizando aqueles que aderiram \u00e0 manifesta\u00e7\u00e3o do dia 27 de abril, que visou melhorias nas condi\u00e7\u00f5es de trabalho e no plano de assist\u00eancia \u00e0 sa\u00fade dos empregados, o Sa\u00fade Caixa.<\/p>\n<p>A proposta j\u00e1 havia sido recusada pela representa\u00e7\u00e3o dos empregados no Grupo de Trabalho sobre Promo\u00e7\u00e3o por M\u00e9rito, que classificou a decis\u00e3o unilateral da dire\u00e7\u00e3o da Caixa como uma pr\u00e1tica antissindical.<\/p>\n<p>\u201cAo se negar a negociar, a Caixa desrespeita nosso Acordo Coletivo de Trabalho, que determina que o banco tem que negociar\u201d, informou a coordenadora da CEE da Caixa, Fabiana Uehara Proscholdt. \u201cA gest\u00e3o do banco n\u00e3o pode tomar como exemplo o que faz o Pedro Guimar\u00e3es, que n\u00e3o cumpre o que determina as leis e depois \u00e9 processado e tem que pagar o que \u00e9 direito dos empregados\u201d, ressaltou Fabiana, fazendo men\u00e7\u00e3o ao acordo que o presidente da Caixa precisou fazer com suas empregadas dom\u00e9sticas que n\u00e3o haviam recebido seus direitos trabalhistas.<\/p>\n<p>Os representantes dos empregados lembram, ainda, que o banco cancelou e adiou sucessivamente as negocia\u00e7\u00f5es sobre promo\u00e7\u00e3o por m\u00e9rito, retardando o debate. \u201cVimos, mais uma vez, a dire\u00e7\u00e3o da Caixa retardando o in\u00edcio das negocia\u00e7\u00f5es para depois dizer que n\u00e3o h\u00e1 mais tempo para debates. Eles fizeram a mesma coisa no ano passado, tanto na negocia\u00e7\u00e3o da promo\u00e7\u00e3o por m\u00e9rito quanto no debate sobre o Sa\u00fade Caixa\u201d, observou o representante da Federa\u00e7\u00e3o dos Banc\u00e1rios do Rio de Janeiro (Federa\/RJ), Sergio Amorim.<\/p>\n<p>A medida imposta pela Caixa define a distribui\u00e7\u00e3o do primeiro delta para todos os empregados que n\u00e3o t\u00eam impedimentos como:<\/p>\n<ul>\n<li>Menos de 180 dias de efetivo exerc\u00edcio;<\/li>\n<li>Estar com contrato de trabalho suspenso na data da apura\u00e7\u00e3o da promo\u00e7\u00e3o;<\/li>\n<li>Ter penalidades no ano base (advert\u00eancia, suspens\u00e3o, censura \u00e9tica);<\/li>\n<li>Apresentar falta n\u00e3o-justificada;<\/li>\n<li>Estar na \u00faltima refer\u00eancia salarial.<\/li>\n<\/ul>\n<p>J\u00e1 o segundo delta ser\u00e1 distribu\u00eddo para os empregados que atingirem a avalia\u00e7\u00e3o \u201cExcepcional\u201d no ciclo 2021, como definido na GDP.<\/p>\n<p>\u201cPara n\u00e3o correr o risco de ter a mesma san\u00e7\u00e3o que foi aplicada ao seu presidente, o banco precisa reabrir urgentemente as negocia\u00e7\u00f5es, uma vez que o prazo para o pagamento do delta est\u00e1 acabando\u201d, concluiu a coordenadora da CEE.<\/p>\n<p><strong>Fonte: Contraf-CUT<\/strong><\/p>\n","protected":false},"excerpt":{"rendered":"<p>Em reuni\u00e3o com a Comiss\u00e3o Executiva dos Empregados (CEE) ocorrida na ter\u00e7a-feira (8), a Caixa Econ\u00f4mica Federal se negou a negociar sobre a proposta final de pagamento do valor referente \u00e0 promo\u00e7\u00e3o de progress\u00e3o na carreira (delta) aos trabalhadores. O banco vai excluir do p\u00fablico eleg\u00edvel todos aqueles que tiveram falta injustificada durante o ano [&hellip;]<\/p>\n","protected":false},"author":2,"featured_media":12279,"comment_status":"","ping_status":"","sticky":false,"template":"","format":"standard","meta":{"footnotes":""},"categories":[3],"tags":[],"class_list":["post-12280","post","type-post","status-publish","format-standard","has-post-thumbnail","hentry","category-noticias"],"_links":{"self":[{"href":"https:\/\/hostnetart.com.br\/baixada\/wp-json\/wp\/v2\/posts\/12280","targetHints":{"allow":["GET"]}}],"collection":[{"href":"https:\/\/hostnetart.com.br\/baixada\/wp-json\/wp\/v2\/posts"}],"about":[{"href":"https:\/\/hostnetart.com.br\/baixada\/wp-json\/wp\/v2\/types\/post"}],"author":[{"embeddable":true,"href":"https:\/\/hostnetart.com.br\/baixada\/wp-json\/wp\/v2\/users\/2"}],"replies":[{"embeddable":true,"href":"https:\/\/hostnetart.com.br\/baixada\/wp-json\/wp\/v2\/comments?post=12280"}],"version-history":[{"count":0,"href":"https:\/\/hostnetart.com.br\/baixada\/wp-json\/wp\/v2\/posts\/12280\/revisions"}],"wp:featuredmedia":[{"embeddable":true,"href":"https:\/\/hostnetart.com.br\/baixada\/wp-json\/wp\/v2\/media\/12279"}],"wp:attachment":[{"href":"https:\/\/hostnetart.com.br\/baixada\/wp-json\/wp\/v2\/media?parent=12280"}],"wp:term":[{"taxonomy":"category","embeddable":true,"href":"https:\/\/hostnetart.com.br\/baixada\/wp-json\/wp\/v2\/categories?post=12280"},{"taxonomy":"post_tag","embeddable":true,"href":"https:\/\/hostnetart.com.br\/baixada\/wp-json\/wp\/v2\/tags?post=12280"}],"curies":[{"name":"wp","href":"https:\/\/api.w.org\/{rel}","templated":true}]}}