{"id":12268,"date":"2022-03-10T15:02:16","date_gmt":"2022-03-10T18:02:16","guid":{"rendered":"https:\/\/hostnetart.com.br\/baixada\/santander-insiste-no-atendimento-ate-as-18h\/"},"modified":"2022-03-10T15:02:16","modified_gmt":"2022-03-10T18:02:16","slug":"santander-insiste-no-atendimento-ate-as-18h","status":"publish","type":"post","link":"https:\/\/hostnetart.com.br\/baixada\/santander-insiste-no-atendimento-ate-as-18h\/","title":{"rendered":"Santander insiste no atendimento at\u00e9 \u00e0s 18h"},"content":{"rendered":"<p>Em mais uma ofensiva para tentar aumentar hor\u00e1rio de atendimento em suas ag\u00eancias, o banco Santander, sem qualquer tipo de negocia\u00e7\u00e3o com o movimento de representa\u00e7\u00e3o sindical dos trabalhadores, anunciou que vai atender clientes at\u00e9 \u00e0s 18h. O expediente banc\u00e1rio normal se encerra \u00e0s 16h.<\/p>\n<p>O movimento sindical se reuniu na ter\u00e7a-feira (8) para avaliar os impactos desta mudan\u00e7a sobre os trabalhadores e, nesta quarta-feira (9), transmitiu as informa\u00e7\u00f5es ao banco, que manteve a proposta.<\/p>\n<p>Segundo o banco, o objetivo \u00e9 promover a renegocia\u00e7\u00e3o de d\u00edvidas de clientes. A a\u00e7\u00e3o, denominada \u201cSemana Desendivida\u201d, est\u00e1 prevista para a pr\u00f3xima semana, de segunda (14) at\u00e9 sexta-feira (18). Mas, para a coordenadora da Comiss\u00e3o de Organiza\u00e7\u00e3o dos Empregados (COE) do Santander, Lucimara Malaquias, a extens\u00e3o do hor\u00e1rio de atendimento n\u00e3o \u00e9 algo pontual, como o banco tenta demonstrar. \u201cO que est\u00e1 em andamento no Santander \u00e9 um projeto de gest\u00e3o que n\u00e3o respeita, n\u00e3o negocia e n\u00e3o ouve os trabalhadores, decide tudo sozinho, implementa e atropela todos os envolvidos no processo. Uma gest\u00e3o que n\u00e3o respeita o acordo coletivo e nem dispositivos internacionais que obrigam a negocia\u00e7\u00e3o\u201d, disse.<\/p>\n<h3><strong>Reincid\u00eancia<\/strong><\/h3>\n<p>Para o secret\u00e1rio de Assuntos Socioecon\u00f4micos e representante da Confedera\u00e7\u00e3o Nacional dos Trabalhadores do Ramo Financeiro (Contraf-CUT) nas negocia\u00e7\u00f5es com o banco, Mario Raia, n\u00e3o \u00e9 de hoje que o Santander busca aumentar o hor\u00e1rio de atendimento. \u201cMesmo contra a lei, o banco j\u00e1 tentou, diversas vezes, abrir aos s\u00e1bados e estender o hor\u00e1rio de funcionamento das ag\u00eancias\u201d, disse, lembrando que o banco j\u00e1 buscou abrir ag\u00eancias em shoppings e aeroportos aos s\u00e1bados, e em campanhas espec\u00edficas.<\/p>\n<h3><strong>Semana \u201cdesendivida\u201d<\/strong><\/h3>\n<p>Sem qualquer tipo de negocia\u00e7\u00e3o ou anu\u00eancia do movimento sindical, o banco Santander definiu alguns pontos para o que est\u00e1 chamando de \u201csemana \u2018desendivida\u2019\u201d:<\/p>\n<ul>\n<li>As ag\u00eancias funcionar\u00e3o das 9h \u00e0s 10h para atendimento preferencial para o grupo de maior risco;<\/li>\n<li>Das 10h \u00e0s 16h para o p\u00fablico em geral;<\/li>\n<li>Das 16h \u00e0s 18 horas, ficar\u00e3o fechadas para o p\u00fablico em geral e permanecer\u00e1 um funcion\u00e1rio no autoatendimento para realizar a triagem dos clientes que desejarem renegociar d\u00edvidas.<\/li>\n<li>Os caixas ser\u00e3o dispensados \u00e0s 16h.<\/li>\n<li>Participar\u00e3o da a\u00e7\u00e3o todos os funcion\u00e1rios com cargo de ger\u00eancia. Ao longo da semana, dependendo da demanda, podem ocorrer ajustes para mais, ou para menos, no quadro de funcion\u00e1rios convocados;<\/li>\n<li>Vigilantes e equipes de limpeza permanecer\u00e3o nas ag\u00eancias at\u00e9 \u00e0s 18h;<\/li>\n<li>Caso haja extrapola\u00e7\u00e3o de jornadas, estas ser\u00e3o compensadas e n\u00e3o pagas.<\/li>\n<\/ul>\n<p>\u201cN\u00f3s entendemos que todo o trabalho deve ser pago e n\u00e3o compensado e que o problema est\u00e1 na precariza\u00e7\u00e3o das condi\u00e7\u00f5es de trabalho, que fica cada vez pior no Santander\u201d, avaliou Lucimara. \u201cAl\u00e9m disso, a medida gera maior exposi\u00e7\u00e3o dos trabalhadores ao v\u00edrus da Covid-19\u201d, completou.<\/p>\n<p>\u201cRessaltamos a import\u00e2ncia da participa\u00e7\u00e3o dos banc\u00e1rios e banc\u00e1rias nas a\u00e7\u00f5es sindicais, que visam fortalecer a luta pelo emprego, por mais contrata\u00e7\u00f5es, por respeito, sa\u00fade e condi\u00e7\u00f5es de trabalho\u201d, explicou a coordenadora da COE. \u201cTodos precisam ficar mobilizados e acompanhar as redes dos sindicatos, federa\u00e7\u00f5es e da Contraf-CUT para ficar informados sobre as a\u00e7\u00f5es que ser\u00e3o tomadas\u201d, orientou.<\/p>\n<p><strong>Fonte: Contraf-CUT<\/strong><\/p>\n","protected":false},"excerpt":{"rendered":"<p>Em mais uma ofensiva para tentar aumentar hor\u00e1rio de atendimento em suas ag\u00eancias, o banco Santander, sem qualquer tipo de negocia\u00e7\u00e3o com o movimento de representa\u00e7\u00e3o sindical dos trabalhadores, anunciou que vai atender clientes at\u00e9 \u00e0s 18h. O expediente banc\u00e1rio normal se encerra \u00e0s 16h. O movimento sindical se reuniu na ter\u00e7a-feira (8) para avaliar [&hellip;]<\/p>\n","protected":false},"author":2,"featured_media":12267,"comment_status":"","ping_status":"","sticky":false,"template":"","format":"standard","meta":{"footnotes":""},"categories":[3],"tags":[],"class_list":["post-12268","post","type-post","status-publish","format-standard","has-post-thumbnail","hentry","category-noticias"],"_links":{"self":[{"href":"https:\/\/hostnetart.com.br\/baixada\/wp-json\/wp\/v2\/posts\/12268","targetHints":{"allow":["GET"]}}],"collection":[{"href":"https:\/\/hostnetart.com.br\/baixada\/wp-json\/wp\/v2\/posts"}],"about":[{"href":"https:\/\/hostnetart.com.br\/baixada\/wp-json\/wp\/v2\/types\/post"}],"author":[{"embeddable":true,"href":"https:\/\/hostnetart.com.br\/baixada\/wp-json\/wp\/v2\/users\/2"}],"replies":[{"embeddable":true,"href":"https:\/\/hostnetart.com.br\/baixada\/wp-json\/wp\/v2\/comments?post=12268"}],"version-history":[{"count":0,"href":"https:\/\/hostnetart.com.br\/baixada\/wp-json\/wp\/v2\/posts\/12268\/revisions"}],"wp:featuredmedia":[{"embeddable":true,"href":"https:\/\/hostnetart.com.br\/baixada\/wp-json\/wp\/v2\/media\/12267"}],"wp:attachment":[{"href":"https:\/\/hostnetart.com.br\/baixada\/wp-json\/wp\/v2\/media?parent=12268"}],"wp:term":[{"taxonomy":"category","embeddable":true,"href":"https:\/\/hostnetart.com.br\/baixada\/wp-json\/wp\/v2\/categories?post=12268"},{"taxonomy":"post_tag","embeddable":true,"href":"https:\/\/hostnetart.com.br\/baixada\/wp-json\/wp\/v2\/tags?post=12268"}],"curies":[{"name":"wp","href":"https:\/\/api.w.org\/{rel}","templated":true}]}}