{"id":12266,"date":"2022-03-09T17:31:20","date_gmt":"2022-03-09T20:31:20","guid":{"rendered":"https:\/\/hostnetart.com.br\/baixada\/caixa-ataca-organizacao-dos-trabalhadores\/"},"modified":"2022-03-09T17:31:20","modified_gmt":"2022-03-09T20:31:20","slug":"caixa-ataca-organizacao-dos-trabalhadores","status":"publish","type":"post","link":"https:\/\/hostnetart.com.br\/baixada\/caixa-ataca-organizacao-dos-trabalhadores\/","title":{"rendered":"Caixa ataca organiza\u00e7\u00e3o dos trabalhadores"},"content":{"rendered":"<p>Na ter\u00e7a-feira (8), a reuni\u00e3o da Mesa Permanente de Negocia\u00e7\u00f5es entre a Comiss\u00e3o Executiva dos Empregados (CEE) da Caixa Econ\u00f4mica Federal e a dire\u00e7\u00e3o do banco sobre Promo\u00e7\u00e3o por M\u00e9rito terminou em impasse. Como j\u00e1 havia informado na\u00a0<a href=\"https:\/\/contrafcut.com.br\/noticias\/permanece-impasse-sobre-promocao-por-merito-na-caixa-2\/\" target=\"_blank\" rel=\"noopener noreferrer\">\u00faltima reuni\u00e3o<\/a>\u00a0do Grupo de Trabalho espec\u00edfico, a dire\u00e7\u00e3o da Caixa aceita pagar um delta para todos os trabalhadores, que n\u00e3o possuem impedimentos, em 2021. No entanto, insiste em manter a falta n\u00e3o justificada como um dos pontos de impedimento. A decis\u00e3o penaliza empregados que tiveram uma \u00fanica falta n\u00e3o justificada e ataca diretamente a organiza\u00e7\u00e3o dos trabalhadores. A Caixa informou em mesa o encerramento das negocia\u00e7\u00f5es.<\/p>\n<p>Os representantes dos empregados classificaram a decis\u00e3o unilateral da dire\u00e7\u00e3o da Caixa como uma afronta al\u00e9m de pr\u00e1tica antissindical. \u201cA dire\u00e7\u00e3o da Caixa simplesmente encerrou a negocia\u00e7\u00e3o com os trabalhadores. Essa decis\u00e3o unilateral \u00e9 um ataque para a organiza\u00e7\u00e3o dos trabalhadores, ao movimento como um todo e aos nossos direitos. J\u00e1 tivemos impasses num passado n\u00e3o t\u00e3o distante e que foram resolvidos negocialmente. Essa posi\u00e7\u00e3o da dire\u00e7\u00e3o do banco \u00e9 lament\u00e1vel\u201d, destacou a coordenadora da CEE\/Caixa, Fabiana Uehara Proscholdt.<\/p>\n<p>Como forma de protesto, cada federa\u00e7\u00e3o que comp\u00f5e a CEE se manifestou na mesa de negocia\u00e7\u00f5es mostrando sua contrariedade ao posicionamento da dire\u00e7\u00e3o da Caixa. Para a Comiss\u00e3o, desta forma, a dire\u00e7\u00e3o de Pedro Guimar\u00e3es imp\u00f5e a estagna\u00e7\u00e3o na carreira de muitos empregados como forma de retalia\u00e7\u00e3o. Como decis\u00e3o, a Comiss\u00e3o tomar\u00e1 todas as provid\u00eancias poss\u00edveis.<\/p>\n<p>A representa\u00e7\u00e3o dos empregados observa ainda que foram sucessivos cancelamentos e adiamentos das negocia\u00e7\u00f5es por parte da dire\u00e7\u00e3o da Caixa, que tentou, por diversas vezes, retardar o debate sobre a sistem\u00e1tica de distribui\u00e7\u00e3o dos deltas. \u201cVimos, mais uma vez, a dire\u00e7\u00e3o da Caixa retardando o in\u00edcio das negocia\u00e7\u00f5es para depois dizer que n\u00e3o h\u00e1 mais tempo para debates. Eles fizeram isso quando negociamos a promo\u00e7\u00e3o por m\u00e9rito do ano passado e tamb\u00e9m no debate sobre o Sa\u00fade Caixa\u201d, lembrou o representante da Federa\u00e7\u00e3o dos Banc\u00e1rios do Rio de Janeiro (Federa\/RJ), Sergio Amorim.<\/p>\n<p>Os representantes da comiss\u00e3o tamb\u00e9m refor\u00e7aram o protesto contra a utiliza\u00e7\u00e3o do programa de Gest\u00e3o de Desempenho de Pessoas (GDP), pois n\u00e3o o veem como uma ferramenta de desenvolvimento e sim como um instrumento de ass\u00e9dio aos trabalhadores.<\/p>\n<h3><strong>Proposta da Caixa<\/strong><\/h3>\n<p>A proposta a ser implementada ir\u00e1 distribuir o primeiro delta para todos os empregados que n\u00e3o t\u00eam impedimentos como:<\/p>\n<ul>\n<li>Menos de 180 dias de efetivo exerc\u00edcio em 2021;<\/li>\n<li>Estar com contrato de trabalho suspenso na data da apura\u00e7\u00e3o da promo\u00e7\u00e3o;<\/li>\n<li>Ter penalidades no ano-base (advert\u00eancia, suspens\u00e3o, censura \u00e9tica);<\/li>\n<li>Apresentar falta n\u00e3o-justificada;<\/li>\n<li>Estar na \u00faltima refer\u00eancia salarial.<\/li>\n<\/ul>\n<p>J\u00e1 o segundo delta ser\u00e1 distribu\u00eddo para os empregados que atingirem a avalia\u00e7\u00e3o \u201cdesempenho excelente\u201d no ciclo 2021, de acordo com o programa de Gest\u00e3o de Desempenho de Pessoas (GDP).<\/p>\n<h3><strong>Outras cobran\u00e7as<\/strong><\/h3>\n<ul>\n<li>Sa\u00fade Caixa: mais uma vez a CEE cobrou a mesa de negocia\u00e7\u00e3o do Sa\u00fade Caixa. Ainda segue um alto n\u00famero de reclama\u00e7\u00f5es pelo pa\u00eds sobre problemas de autoriza\u00e7\u00f5es, reembolsos, credenciamentos entre outros;<\/li>\n<li>PCDs: a CEE cobrou um posicionamento da Caixa quanto a contrata\u00e7\u00e3o dos concursados de 2021, que ainda aguardam a avalia\u00e7\u00e3o de recurso pela Caixa para serem chamados;<\/li>\n<li>Restrutura\u00e7\u00e3o: houve den\u00fancias de poss\u00edveis reestrutura\u00e7\u00f5es na Caixa. De acordo com o Acordo Coletivo de Trabalho (ACT), a informa\u00e7\u00e3o deve ser passada antecipadamente para o movimento sindical;<\/li>\n<li>Outro ponto foi a retomada do debate sobre teletrabalho e banco de horas.<\/li>\n<\/ul>\n<p><strong>Fonte:\u00a0<a href=\"https:\/\/www.fenae.org.br\/portal\/fenae-portal\/caixa-usa-sistematica-da-promocao-por-merito-para-atacar-organizacao-dos-trabalhadores.htm\" target=\"_blank\" rel=\"noopener noreferrer\">Fenae<\/a>, com edi\u00e7\u00f5es da Contraf-CUT<\/strong><\/p>\n","protected":false},"excerpt":{"rendered":"<p>Na ter\u00e7a-feira (8), a reuni\u00e3o da Mesa Permanente de Negocia\u00e7\u00f5es entre a Comiss\u00e3o Executiva dos Empregados (CEE) da Caixa Econ\u00f4mica Federal e a dire\u00e7\u00e3o do banco sobre Promo\u00e7\u00e3o por M\u00e9rito terminou em impasse. Como j\u00e1 havia informado na\u00a0\u00faltima reuni\u00e3o\u00a0do Grupo de Trabalho espec\u00edfico, a dire\u00e7\u00e3o da Caixa aceita pagar um delta para todos os trabalhadores, [&hellip;]<\/p>\n","protected":false},"author":2,"featured_media":12265,"comment_status":"","ping_status":"","sticky":false,"template":"","format":"standard","meta":{"footnotes":""},"categories":[3],"tags":[],"class_list":["post-12266","post","type-post","status-publish","format-standard","has-post-thumbnail","hentry","category-noticias"],"_links":{"self":[{"href":"https:\/\/hostnetart.com.br\/baixada\/wp-json\/wp\/v2\/posts\/12266","targetHints":{"allow":["GET"]}}],"collection":[{"href":"https:\/\/hostnetart.com.br\/baixada\/wp-json\/wp\/v2\/posts"}],"about":[{"href":"https:\/\/hostnetart.com.br\/baixada\/wp-json\/wp\/v2\/types\/post"}],"author":[{"embeddable":true,"href":"https:\/\/hostnetart.com.br\/baixada\/wp-json\/wp\/v2\/users\/2"}],"replies":[{"embeddable":true,"href":"https:\/\/hostnetart.com.br\/baixada\/wp-json\/wp\/v2\/comments?post=12266"}],"version-history":[{"count":0,"href":"https:\/\/hostnetart.com.br\/baixada\/wp-json\/wp\/v2\/posts\/12266\/revisions"}],"wp:featuredmedia":[{"embeddable":true,"href":"https:\/\/hostnetart.com.br\/baixada\/wp-json\/wp\/v2\/media\/12265"}],"wp:attachment":[{"href":"https:\/\/hostnetart.com.br\/baixada\/wp-json\/wp\/v2\/media?parent=12266"}],"wp:term":[{"taxonomy":"category","embeddable":true,"href":"https:\/\/hostnetart.com.br\/baixada\/wp-json\/wp\/v2\/categories?post=12266"},{"taxonomy":"post_tag","embeddable":true,"href":"https:\/\/hostnetart.com.br\/baixada\/wp-json\/wp\/v2\/tags?post=12266"}],"curies":[{"name":"wp","href":"https:\/\/api.w.org\/{rel}","templated":true}]}}