{"id":12256,"date":"2022-03-08T17:07:01","date_gmt":"2022-03-08T20:07:01","guid":{"rendered":"https:\/\/hostnetart.com.br\/baixada\/movimento-sindical-e-contra-programa-de-adequacao-dos-quadros-do-bb\/"},"modified":"2022-03-08T17:07:01","modified_gmt":"2022-03-08T20:07:01","slug":"movimento-sindical-e-contra-programa-de-adequacao-dos-quadros-do-bb","status":"publish","type":"post","link":"https:\/\/hostnetart.com.br\/baixada\/movimento-sindical-e-contra-programa-de-adequacao-dos-quadros-do-bb\/","title":{"rendered":"Movimento Sindical \u00e9 contra Programa de Adequa\u00e7\u00e3o dos Quadros do BB"},"content":{"rendered":"<p>O Movimento Sindical Banc\u00e1rio\u00a0\u00e9 contr\u00e1rio \u00e0 abertura do Programa de Adequa\u00e7\u00e3o dos Quadros (PAQ) no Banco do Brasil, anunciada nesta segunda-feira (7), para 300 funcion\u00e1rios da dire\u00e7\u00e3o geral.<\/p>\n<p>\u201cOs resultados astron\u00f4micos apresentados pelo BB em 2021 s\u00e3o fruto de uma gest\u00e3o do enxugamento do quadro de funcion\u00e1rios e do n\u00famero de ag\u00eancias, submetendo \u00e0queles que s\u00e3o mantidos a press\u00f5es cada vez maiores para alcan\u00e7ar as metas\u201d, observa o coordenador da Comiss\u00e3o de Empresa dos Funcion\u00e1rios do Banco do Brasil (CEBB), Jo\u00e3o Fukunaga,\u00a0<a href=\"https:\/\/contrafcut.com.br\/noticias\/bb-tem-r-21-bi-de-lucro-as-custas-de-fechamento-de-388-agencias-e-de-7-mil-postos-de-trabalho\/?swcfpc=1\" target=\"_blank\" rel=\"noopener noreferrer\">ao se referir ao lucro de R$ 21 bilh\u00f5es, alcan\u00e7ado pela institui\u00e7\u00e3o no ano passado<\/a>. \u201cEsses resultados tamb\u00e9m afetam os clientes, que precisam superar filas cada vez maiores nos atendimentos. Por isso, defendemos mais contrata\u00e7\u00f5es, e n\u00e3o a redu\u00e7\u00e3o do quadro de funcion\u00e1rios\u201d, completou.<\/p>\n<p>Fukunaga ainda lembrou que os concursos realizados recentemente pelo banco atenderam a uma demanda pontual por pessoal, mas n\u00e3o foram capazes de aliviar o d\u00e9ficit gerado pela demanda de atendimento.<\/p>\n<p><strong>Fonte: Contraf-CUT<\/strong><\/p>\n","protected":false},"excerpt":{"rendered":"<p>O Movimento Sindical Banc\u00e1rio\u00a0\u00e9 contr\u00e1rio \u00e0 abertura do Programa de Adequa\u00e7\u00e3o dos Quadros (PAQ) no Banco do Brasil, anunciada nesta segunda-feira (7), para 300 funcion\u00e1rios da dire\u00e7\u00e3o geral. \u201cOs resultados astron\u00f4micos apresentados pelo BB em 2021 s\u00e3o fruto de uma gest\u00e3o do enxugamento do quadro de funcion\u00e1rios e do n\u00famero de ag\u00eancias, submetendo \u00e0queles que [&hellip;]<\/p>\n","protected":false},"author":2,"featured_media":12255,"comment_status":"","ping_status":"","sticky":false,"template":"","format":"standard","meta":{"footnotes":""},"categories":[3],"tags":[],"class_list":["post-12256","post","type-post","status-publish","format-standard","has-post-thumbnail","hentry","category-noticias"],"_links":{"self":[{"href":"https:\/\/hostnetart.com.br\/baixada\/wp-json\/wp\/v2\/posts\/12256","targetHints":{"allow":["GET"]}}],"collection":[{"href":"https:\/\/hostnetart.com.br\/baixada\/wp-json\/wp\/v2\/posts"}],"about":[{"href":"https:\/\/hostnetart.com.br\/baixada\/wp-json\/wp\/v2\/types\/post"}],"author":[{"embeddable":true,"href":"https:\/\/hostnetart.com.br\/baixada\/wp-json\/wp\/v2\/users\/2"}],"replies":[{"embeddable":true,"href":"https:\/\/hostnetart.com.br\/baixada\/wp-json\/wp\/v2\/comments?post=12256"}],"version-history":[{"count":0,"href":"https:\/\/hostnetart.com.br\/baixada\/wp-json\/wp\/v2\/posts\/12256\/revisions"}],"wp:featuredmedia":[{"embeddable":true,"href":"https:\/\/hostnetart.com.br\/baixada\/wp-json\/wp\/v2\/media\/12255"}],"wp:attachment":[{"href":"https:\/\/hostnetart.com.br\/baixada\/wp-json\/wp\/v2\/media?parent=12256"}],"wp:term":[{"taxonomy":"category","embeddable":true,"href":"https:\/\/hostnetart.com.br\/baixada\/wp-json\/wp\/v2\/categories?post=12256"},{"taxonomy":"post_tag","embeddable":true,"href":"https:\/\/hostnetart.com.br\/baixada\/wp-json\/wp\/v2\/tags?post=12256"}],"curies":[{"name":"wp","href":"https:\/\/api.w.org\/{rel}","templated":true}]}}