{"id":12254,"date":"2022-03-08T14:14:51","date_gmt":"2022-03-08T17:14:51","guid":{"rendered":"https:\/\/hostnetart.com.br\/baixada\/fim-da-violencia-contra-a-mulher-e-a-principal-bandeira-do-8-de-marco\/"},"modified":"2022-03-08T14:14:51","modified_gmt":"2022-03-08T17:14:51","slug":"fim-da-violencia-contra-a-mulher-e-a-principal-bandeira-do-8-de-marco","status":"publish","type":"post","link":"https:\/\/hostnetart.com.br\/baixada\/fim-da-violencia-contra-a-mulher-e-a-principal-bandeira-do-8-de-marco\/","title":{"rendered":"Fim da viol\u00eancia contra a mulher \u00e9 a principal bandeira do 8 de mar\u00e7o"},"content":{"rendered":"<p>O fim da viol\u00eancia contra a mulher \u00e9 a bandeira principal das manifesta\u00e7\u00f5es programadas para o 8 de mar\u00e7o \u2013 Dia Internacional da Mulher \u2013 deste ano. Pauta priorit\u00e1ria dos movimentos feministas, que envolve tanto a quest\u00e3o de g\u00eanero como a de viol\u00eancia dom\u00e9stica, foi escolhida para evento, que volta a ser realizado presencialmente nas ruas de v\u00e1rias cidades, depois de dois anos de pandemia.<\/p>\n<p>Pesquisa de opini\u00e3o realizada pelo Instituto DataSenado, em parceria com Observat\u00f3rio da Viol\u00eancia Contra a Mulher, no final de 2021, mostrou que 86% das mulheres brasileiras perceberam um aumento da viol\u00eancia contra elas. O n\u00famero de casos \u00e9 4% maior que em 2020. Ainda de acordo com a pesquisa, que ouviu tr\u00eas mil pessoas, entre 14 de outubro e 5 de novembro, cerca de 68% das pessoas entrevistadas conhecem alguma v\u00edtima e 27% declararam j\u00e1 ter sofrido este tipo de viol\u00eancia.<\/p>\n<h3>Manifesta\u00e7\u00f5es j\u00e1 est\u00e3o marcadas em v\u00e1rias cidades. Veja a rela\u00e7\u00e3o:<\/h3>\n<p><strong>Alagoas<\/strong><\/p>\n<p>Na capital Macei\u00f3, as mulheres realizam ato P\u00fablico no Centro da cidade com panfletagem, panela\u00e7o; batucadas, faixas, cartazes e alegorias. Concentra\u00e7\u00e3o ser\u00e1 \u00e0s 8h na Pra\u00e7a dos Mart\u00edrios de onde elas sair\u00e3o em caminhada em dire\u00e7\u00e3o \u00e0 Pra\u00e7a Deodoro.<\/p>\n<p><strong>Bahia<\/strong><\/p>\n<p>Em Salvador, ter\u00e1 caminhada do Campo Grande a Pra\u00e7a da Piedade \u00e0s 14h. Tamb\u00e9m est\u00e1 prevista a distribui\u00e7\u00e3o de marmitas em frente a C\u00e2mara municipal de Salvador (hor\u00e1rio a definir), simbolizando a fome.<\/p>\n<p><strong>Cear\u00e1<\/strong><\/p>\n<p>Em Fortaleza, a concentra\u00e7\u00e3o ser\u00e1 a partir das 14h, com feira feminista solid\u00e1ria, na Pra\u00e7a do Ferreira com cortejo pelo centro com paradas tem\u00e1ticas: Fora Bolsonaro, contra o machismo, contra o racismo, contra a fome. A manifesta\u00e7\u00e3o ser\u00e1 finalizada com ato pol\u00edtico cultural na pra\u00e7a do Ferreira e homenagem \u00e0 Elza Soares.<\/p>\n<p><strong>Distrito Federal<\/strong><\/p>\n<p>Em Bras\u00edlia a concentra\u00e7\u00e3o para o ato ser\u00e1 \u00e0s 17h, no Museu da Rep\u00fablica. De l\u00e1, as militantes seguir\u00e3o em marcha pela Esplanada dos Minist\u00e9rios at\u00e9 a Alameda das Bandeiras.<\/p>\n<p><strong>Esp\u00edrito Santo<\/strong><\/p>\n<p>Em Vit\u00f3ria, capital do estado haver\u00e1 um ato presencial unificado, com concentra\u00e7\u00e3o a partir das 14h em frente \u00e0 Costa Pereira no centro da cidade.<\/p>\n<p><strong>Goi\u00e1s<\/strong><\/p>\n<p>Em Goi\u00e2nia, capital do estado, a concentra\u00e7\u00e3o ser\u00e1 a partir das 9h na Catedral Metropolitana com encerramento na Pra\u00e7a do Trabalhador.<\/p>\n<p><strong>Mato Grosso do Sul<\/strong><\/p>\n<p>Campo Grande: ato \u00e0s 8h na Av Afonso Pena esquina com 14 de Julho.<\/p>\n<p><strong>Minas Gerais<\/strong><\/p>\n<p>Belo Horizonte, Minas Gerais \u2013 Ato unificado na Pra\u00e7a da Liberdade \u00e0s 16 horas.<\/p>\n<p><strong>Par\u00e1<\/strong><\/p>\n<p>Em Bel\u00e9m ter\u00e1 concentra\u00e7\u00e3o \u00e0s 17h na pra\u00e7a da Rep\u00fablica. Depois haver\u00e1 caminhada at\u00e9 S\u00e3o Br\u00e1s.<\/p>\n<p>Em Marab\u00e1 ser\u00e1 um ato de rua com interven\u00e7\u00e3o nos sinais sobre feminic\u00eddio, viol\u00eancia obst\u00e9trica e viol\u00eancia dom\u00e9stica da Pra\u00e7a S\u00e3o Francisco at\u00e9 a C\u00e2mara Municipal, em hor\u00e1rio a ser definido.<\/p>\n<p><strong>Para\u00edba<\/strong><\/p>\n<p>Jo\u00e3o Pessoa: caminhada a partir das 7h com concentra\u00e7\u00e3o na Pra\u00e7a Edivaldo e encerramento na Pra\u00e7a Get\u00falio Vargas<\/p>\n<p><strong>Paran\u00e1<\/strong><\/p>\n<p>Em Curitiba a concentra\u00e7\u00e3o ser\u00e1 na Pra\u00e7a Santos Andrade \u00e0s 16h30 \u2013 com apresenta\u00e7\u00e3o cultural de todos os coletivos, movimentos, blocos (esquenta para a marcha)<\/p>\n<p>\u00c0s 18h30 ser\u00e1 a sa\u00edda da marcha da Santos Andrade, Jo\u00e3o Negr\u00e3o, Marechais, XV e Boca Maldita.<\/p>\n<p>Em Londrina: a concentra\u00e7\u00e3o ser\u00e1 \u00e0s 17h30 no Cal\u00e7ad\u00e3o da cidade.<\/p>\n<p>Em Apucarana no dia 8, a partir das 15 horas haver\u00e1 a Feira empreendedora com atra\u00e7\u00f5es culturais na Pra\u00e7a Rui Barbosa e \u00e0s 18h a Marcha das Mulheres<\/p>\n<p>Al\u00e9m dessas cidades, ser\u00e3o realizadas atividades em Toledo, Foz do Igua\u00e7u, Cascavel, S\u00e3o Jos\u00e9 dos Pinhais, em hor\u00e1rios e locais a serem confirmados.<\/p>\n<p><strong>Pernambuco<\/strong><\/p>\n<p>Recife: ato no Parque 13 de Maio \u00e1s 15h<\/p>\n<p><strong>Piau\u00ed<\/strong><\/p>\n<p>Teresina: ato na Pra\u00e7a rio branco, \u00e0s 9h<\/p>\n<p><strong>Rio Grande do Sul<\/strong><\/p>\n<p>Em Porto Alegre, no Rio Grande do Sul, a atividade ser\u00e1 a partir das 12 h no Largo Glenio Peres com uma grande tenda. No final da tarde haver\u00e1 uma marcha com concentra\u00e7\u00e3o na esquina Democr\u00e1tica.<\/p>\n<p><strong>Rio de Janeiro\u00a0<\/strong><\/p>\n<p>Atividade presencial com concentra\u00e7\u00e3o na Candel\u00e1ria e sa\u00edda em caminhada em dire\u00e7\u00e3o a Cinel\u00e2ndia, em hor\u00e1rio a ser definido<\/p>\n<p><strong>S\u00e3o Paulo<\/strong><\/p>\n<p>Ato a partir das 16h com concentra\u00e7\u00e3o na Avenida Paulista, em frente ao Masp e ap\u00f3s caminhada at\u00e9 a pra\u00e7a Roosevelt, na regi\u00e3o central.<\/p>\n<p>Na capital paulista as mulheres da CUT se concentra\u00e7\u00e3o no Espa\u00e7o Cultural L\u00e9lia Abramo (rua Carlos Sampaio, 305), \u00e0s 14h<\/p>\n<p><strong>Santa Catarina<\/strong><\/p>\n<p>Florian\u00f3polis, no dia 8 de mar\u00e7o ser\u00e1 feita uma marcha, com concentra\u00e7\u00e3o \u00e0s 12h no Ticen.<\/p>\n<p>13h \u2013 in\u00edcio de panfletagem e agita\u00e7\u00e3o<\/p>\n<p>18h \u2013 concentra\u00e7\u00e3o para marcha<\/p>\n<p>Antes, por\u00e9m, dever\u00e1 ser realizado um Cine Debate no dia 28\/2 e uma feira feminista no dia 5\/3 (s\u00e1bado)<\/p>\n<p>No domingo (6) das 13h \u00e0s 20hser\u00e1 realizada a\u00a0 Exposi\u00e7\u00e3o \u201cEu Asa Sou Ares\u201d em mulheragem \u00e0 Elza Soares, no\u00a0 Armaz\u00e9m Coletivo Elza Soares (Rod. Gilson da Costa Xavier, 1384 \u2013 Sambaqui)<\/p>\n<p>Chapec\u00f3 \u2013 Mobiliza\u00e7\u00e3o na Pra\u00e7a Central, das 9h \u00e0s 13h, com atividades culturais, m\u00fasica e ato pol\u00edtico<\/p>\n<p>Joinville \u2013 Ato na Pra\u00e7a da Bandeira, \u00e0s 18h<\/p>\n<p>Lages \u2013 Atividades das 9h \u00e0s 17h, na Associa\u00e7\u00e3o de Moradores e Amigos do Bairro Popular, com feirinha, distribui\u00e7\u00e3o de materiais educativos, ponto de arrecada\u00e7\u00e3o de absorventes, rodas de conversa, palestras e atividades culturais.<\/p>\n<p>Rio do Sul \u2013 Panfletagem com material da CUT sobre a pauta do dia das mulheres, de manh\u00e3 e \u00e0 tarde, e panfletagem virtual com material da CONFETAM.<\/p>\n<p>S\u00e3o Miguel do Oeste \u2013 Ato na Pra\u00e7a Municipal Walnir Bottaro Daniel, \u00e0s 9h.<\/p>\n<p>A\u00e7\u00f5es em outras datas em Santa Catarina<\/p>\n<p>Blumenau \u2013 11\/3 (sexta-feira) \u2013 Ato p\u00fablico pela vida das mulheres, Bolsonaro Nunca Mais | 18h30, no Parque Ramiro Ruediger<\/p>\n<p>Ca\u00e7ador \u2013 12\/3 (s\u00e1bado) \u2013 Distribui\u00e7\u00e3o de materiais informativos e apresenta\u00e7\u00f5es culturais | 9h, no Largo Ca\u00e7anjur\u00ea<\/p>\n<p>Rio do Sul \u2013 \u00a03\/3 (quinta-feira) \u2013 Fala na C\u00e2mara de Vereadores \u2013 Conselho Municipal dos Direitos da Mulher \u2013 Sindicato faz parte com uma cadeira;<\/p>\n<p>\u2013 Participa\u00e7\u00e3o em encontros promovidos pelos SUAS \u2013 rodas de conversas sobre a mulher de hoje;<\/p>\n<p>\u2013 7\/3 (segunda-feira) \u2013 Fala da \u201d Associa\u00e7\u00e3o Cultural Anast\u00e1cia da Ra\u00e7a Negra\u201d na Tribuna da C\u00e2mara de Vereadores de Rio do Sul.<\/p>\n<p>\u2013 O F\u00f3rum das Entidades realizar\u00e1 uma a\u00e7\u00e3o que j\u00e1 aconteceu em anos anterior chamado \u201cSapatos falantes\u201d \u2013 em que sapatos com mensagens s\u00e3o distribu\u00eddos na cidade na madrugada do dia 08 e encontrados pela comunidade ao sa\u00edrem ao trabalho.<\/p>\n<p>Nos demais estados, os atos ainda est\u00e3o sendo organizados e havendo uma defini\u00e7\u00e3o os locais e hor\u00e1rios ser\u00e3o atualizados pelo Portal CUT Nacional.<\/p>\n","protected":false},"excerpt":{"rendered":"<p>O fim da viol\u00eancia contra a mulher \u00e9 a bandeira principal das manifesta\u00e7\u00f5es programadas para o 8 de mar\u00e7o \u2013 Dia Internacional da Mulher \u2013 deste ano. Pauta priorit\u00e1ria dos movimentos feministas, que envolve tanto a quest\u00e3o de g\u00eanero como a de viol\u00eancia dom\u00e9stica, foi escolhida para evento, que volta a ser realizado presencialmente nas [&hellip;]<\/p>\n","protected":false},"author":2,"featured_media":12253,"comment_status":"","ping_status":"","sticky":false,"template":"","format":"standard","meta":{"footnotes":""},"categories":[3],"tags":[],"class_list":["post-12254","post","type-post","status-publish","format-standard","has-post-thumbnail","hentry","category-noticias"],"_links":{"self":[{"href":"https:\/\/hostnetart.com.br\/baixada\/wp-json\/wp\/v2\/posts\/12254","targetHints":{"allow":["GET"]}}],"collection":[{"href":"https:\/\/hostnetart.com.br\/baixada\/wp-json\/wp\/v2\/posts"}],"about":[{"href":"https:\/\/hostnetart.com.br\/baixada\/wp-json\/wp\/v2\/types\/post"}],"author":[{"embeddable":true,"href":"https:\/\/hostnetart.com.br\/baixada\/wp-json\/wp\/v2\/users\/2"}],"replies":[{"embeddable":true,"href":"https:\/\/hostnetart.com.br\/baixada\/wp-json\/wp\/v2\/comments?post=12254"}],"version-history":[{"count":0,"href":"https:\/\/hostnetart.com.br\/baixada\/wp-json\/wp\/v2\/posts\/12254\/revisions"}],"wp:featuredmedia":[{"embeddable":true,"href":"https:\/\/hostnetart.com.br\/baixada\/wp-json\/wp\/v2\/media\/12253"}],"wp:attachment":[{"href":"https:\/\/hostnetart.com.br\/baixada\/wp-json\/wp\/v2\/media?parent=12254"}],"wp:term":[{"taxonomy":"category","embeddable":true,"href":"https:\/\/hostnetart.com.br\/baixada\/wp-json\/wp\/v2\/categories?post=12254"},{"taxonomy":"post_tag","embeddable":true,"href":"https:\/\/hostnetart.com.br\/baixada\/wp-json\/wp\/v2\/tags?post=12254"}],"curies":[{"name":"wp","href":"https:\/\/api.w.org\/{rel}","templated":true}]}}