{"id":12250,"date":"2022-03-07T18:09:07","date_gmt":"2022-03-07T21:09:07","guid":{"rendered":"https:\/\/hostnetart.com.br\/baixada\/fetraf-rj-es-apoia-as-chapas-unidos-por-uma-cassi-solidaria-para-as-eleicoes-cassi\/"},"modified":"2022-03-07T18:09:07","modified_gmt":"2022-03-07T21:09:07","slug":"fetraf-rj-es-apoia-as-chapas-unidos-por-uma-cassi-solidaria-para-as-eleicoes-cassi","status":"publish","type":"post","link":"https:\/\/hostnetart.com.br\/baixada\/fetraf-rj-es-apoia-as-chapas-unidos-por-uma-cassi-solidaria-para-as-eleicoes-cassi\/","title":{"rendered":"Fetraf RJ\/ES apoia as chapas \u201cUnidos por uma Cassi Solid\u00e1ria\u201d para as elei\u00e7\u00f5es Cassi"},"content":{"rendered":"<p>A Federa\u00e7\u00e3o dos Trabalhadores do Ramo Financeiro dos Estados do Rio de Janeiro e Esp\u00edrito Santo (Fetraf RJ\/ES), o Sindicato dos Banc\u00e1rios da Baixada Fluminense e todos os outros Sindicatos dos Banc\u00e1rios de sua base, apoiam, para as elei\u00e7\u00f5es Cassi, as chapas \u201cUnidos por uma Cassi Solid\u00e1ria\u201d.<\/p>\n<p>As elei\u00e7\u00f5es ocorrem entre os dias 18 e 28 de mar\u00e7o.<\/p>\n<p>Duas vota\u00e7\u00f5es ocorrem no mesmo processo eleitoral: uma para a Diretoria de Risco Populacional, Sa\u00fade e Rede de Atendimento e Conselho Deliberativo e outra para o Conselho Fiscal, ambas com mandatos de junho de 2022 a maio de 2026. As chapas apoiadas pela Fetraf RJ\/ES s\u00e3o\u00a0<strong>6<\/strong>\u00a0para a primeira vota\u00e7\u00e3o e\u00a0<strong>77<\/strong>\u00a0para a segunda.<\/p>\n<p>\u201cA unidade, mais uma vez, ser\u00e1 primordial para que as chapas apoiadas pelo Movimento Sindical saiam vencedoras\u201d declarou\u00a0Nilton Dami\u00e3o Esperan\u00e7a, Presidente da Fetraf RJ\/ES.<\/p>\n<p><span style=\"text-decoration: underline;\">PARA VOTAR<\/span><\/p>\n<p>Podem votar associados da Cassi, entre eles funcion\u00e1rios da ativa, aposentados e pensionistas. Os votos podem ser registrados via sistemas TAA e Sisbb, ou por meio do site e do aplicativo da Cassi.<\/p>\n<p>As chapas s\u00e3o apoiadas pelo movimento sindical e incluem em seus princ\u00edpios de defesa a solidariedade e a promo\u00e7\u00e3o de sa\u00fade sustent\u00e1vel.<\/p>\n<p>Confira:\u00a0<a href=\"https:\/\/feeb-spms.org.br\/wp-content\/uploads\/2022\/02\/BOLETIM_2022_eleicoes.pdf\">BOLETIM_2022_eleicoes<\/a><\/p>\n<p><strong>Fonte: Fetraf RJ\/ES<\/strong><\/p>\n","protected":false},"excerpt":{"rendered":"<p>A Federa\u00e7\u00e3o dos Trabalhadores do Ramo Financeiro dos Estados do Rio de Janeiro e Esp\u00edrito Santo (Fetraf RJ\/ES), o Sindicato dos Banc\u00e1rios da Baixada Fluminense e todos os outros Sindicatos dos Banc\u00e1rios de sua base, apoiam, para as elei\u00e7\u00f5es Cassi, as chapas \u201cUnidos por uma Cassi Solid\u00e1ria\u201d. As elei\u00e7\u00f5es ocorrem entre os dias 18 e [&hellip;]<\/p>\n","protected":false},"author":2,"featured_media":12249,"comment_status":"","ping_status":"","sticky":false,"template":"","format":"standard","meta":{"footnotes":""},"categories":[3],"tags":[],"class_list":["post-12250","post","type-post","status-publish","format-standard","has-post-thumbnail","hentry","category-noticias"],"_links":{"self":[{"href":"https:\/\/hostnetart.com.br\/baixada\/wp-json\/wp\/v2\/posts\/12250","targetHints":{"allow":["GET"]}}],"collection":[{"href":"https:\/\/hostnetart.com.br\/baixada\/wp-json\/wp\/v2\/posts"}],"about":[{"href":"https:\/\/hostnetart.com.br\/baixada\/wp-json\/wp\/v2\/types\/post"}],"author":[{"embeddable":true,"href":"https:\/\/hostnetart.com.br\/baixada\/wp-json\/wp\/v2\/users\/2"}],"replies":[{"embeddable":true,"href":"https:\/\/hostnetart.com.br\/baixada\/wp-json\/wp\/v2\/comments?post=12250"}],"version-history":[{"count":0,"href":"https:\/\/hostnetart.com.br\/baixada\/wp-json\/wp\/v2\/posts\/12250\/revisions"}],"wp:featuredmedia":[{"embeddable":true,"href":"https:\/\/hostnetart.com.br\/baixada\/wp-json\/wp\/v2\/media\/12249"}],"wp:attachment":[{"href":"https:\/\/hostnetart.com.br\/baixada\/wp-json\/wp\/v2\/media?parent=12250"}],"wp:term":[{"taxonomy":"category","embeddable":true,"href":"https:\/\/hostnetart.com.br\/baixada\/wp-json\/wp\/v2\/categories?post=12250"},{"taxonomy":"post_tag","embeddable":true,"href":"https:\/\/hostnetart.com.br\/baixada\/wp-json\/wp\/v2\/tags?post=12250"}],"curies":[{"name":"wp","href":"https:\/\/api.w.org\/{rel}","templated":true}]}}