{"id":1225,"date":"2014-05-15T00:00:00","date_gmt":"2014-05-15T03:00:00","guid":{"rendered":"https:\/\/hostnetart.com.br\/baixada\/conselho-de-usuarios-do-saude-caixa-discute-melhorias-nesta-quarta\/"},"modified":"2014-05-15T00:00:00","modified_gmt":"2014-05-15T03:00:00","slug":"conselho-de-usuarios-do-saude-caixa-discute-melhorias-nesta-quarta","status":"publish","type":"post","link":"https:\/\/hostnetart.com.br\/baixada\/conselho-de-usuarios-do-saude-caixa-discute-melhorias-nesta-quarta\/","title":{"rendered":"Conselho de Usu\u00e1rios do Sa\u00fade Caixa discute melhorias nesta quarta"},"content":{"rendered":"<p>Est\u00e1 confirmada para esta quarta-feira, dia 14, a partir das 9h, em Bras\u00edlia, a realiza\u00e7\u00e3o de mais uma reuni\u00e3o ordin\u00e1ria do Conselho de Usu\u00e1rios do Sa\u00fade Caixa, inst\u00e2ncia criada em 2004 por acordo coletivo, com o objetivo de garantir maior transpar\u00eancia na gest\u00e3o com base no aperfei\u00e7oamento dos benef\u00edcios oferecidos. O encontro est\u00e1 marcado para a sala de reuni\u00f5es da Surbe, no 5\u00ba andar do Edif\u00edcio Matriz II.<\/p>\n<p>Assuntos gerais est\u00e3o na pauta dessa reuni\u00e3o. Uma das prioridades dos conselheiros eleitos \u00e9 a busca de melhorias para o plano, de modo a assegurar maior grau de autonomia na defini\u00e7\u00e3o de medidas em favor dos empregados, com base no princ\u00edpio da solidariedade. Outra luta \u00e9 pela amplia\u00e7\u00e3o e qualifica\u00e7\u00e3o da rede credenciada.<\/p>\n<p><strong>Mais informa\u00e7\u00f5es<\/strong><\/p>\n<p>Os atuais membros do Conselho de Usu\u00e1rios do Sa\u00fade Caixa foram empossados em 13 de fevereiro deste ano. Essa inst\u00e2ncia \u00e9 composta de forma parit\u00e1ria por cinco integrantes titulares eleitos pelos participantes e por cinco integrantes indicados pela Caixa, al\u00e9m de seus respectivos suplentes. Seus representantes podem ser reeleitos uma \u00fanica vez de forma consecutiva.<\/p>\n<p>A cria\u00e7\u00e3o do Conselho de Usu\u00e1rios foi uma conquista dos trabalhadores, depois de muita luta do movimento sindical e associativo. Resultado de discuss\u00f5es realizadas no \u00e2mbito do GT Sa\u00fade, o Conselho de Usu\u00e1rios teve sua instala\u00e7\u00e3o assegurada ap\u00f3s negocia\u00e7\u00f5es entre a dire\u00e7\u00e3o da Caixa Econ\u00f4mica Federal e o movimento nacional dos empregados, por meio da Contraf\/CUT, passando a fazer parte do acordo coletivo de 2004. Uma de suas principais atribui\u00e7\u00f5es \u00e9 a busca por maior participa\u00e7\u00e3o na gest\u00e3o do Sa\u00fade Caixa, garantindo mais melhorias para os empregados e sua fam\u00edlia.<\/p>\n<p>Os membros titulares eleitos pelos participantes para o Conselho de Usu\u00e1rios do Sa\u00fade Caixa s\u00e3o Ivanilde Moreira de Miranda\/SP, Adeir Jos\u00e9 da Silva\/MG \u2013 aposentado, Paulo Roberto Borges de Lima\/CE, Vanessa Sobreira Pereira\/DF e Alexandro Tadeu de Livramento\/SP.<\/p>\n<p>Os suplentes s\u00e3o Ant\u00f4nio Abdan Teixeira Silva\/DF, Lilian Minchin\/SP, Tiago Vasconcelos Pedroso\/RS, Ivoneide Gomes Brand\u00e3o\/PE e \u00c1lvaro Roberto Figueir\u00f3 Murce\/RJ \u2013 aposentado.<\/p>\n","protected":false},"excerpt":{"rendered":"<p>Est\u00e1 confirmada para esta quarta-feira, dia 14, a partir das 9h, em Bras\u00edlia, a realiza\u00e7\u00e3o de mais uma reuni\u00e3o ordin\u00e1ria do Conselho de Usu\u00e1rios do Sa\u00fade Caixa, inst\u00e2ncia criada em 2004 por acordo coletivo, com o objetivo de garantir maior transpar\u00eancia na gest\u00e3o com base no aperfei\u00e7oamento dos benef\u00edcios oferecidos. O encontro est\u00e1 marcado para [&hellip;]<\/p>\n","protected":false},"author":1,"featured_media":0,"comment_status":"","ping_status":"","sticky":false,"template":"","format":"standard","meta":{"footnotes":""},"categories":[3],"tags":[],"class_list":["post-1225","post","type-post","status-publish","format-standard","hentry","category-noticias"],"_links":{"self":[{"href":"https:\/\/hostnetart.com.br\/baixada\/wp-json\/wp\/v2\/posts\/1225","targetHints":{"allow":["GET"]}}],"collection":[{"href":"https:\/\/hostnetart.com.br\/baixada\/wp-json\/wp\/v2\/posts"}],"about":[{"href":"https:\/\/hostnetart.com.br\/baixada\/wp-json\/wp\/v2\/types\/post"}],"author":[{"embeddable":true,"href":"https:\/\/hostnetart.com.br\/baixada\/wp-json\/wp\/v2\/users\/1"}],"replies":[{"embeddable":true,"href":"https:\/\/hostnetart.com.br\/baixada\/wp-json\/wp\/v2\/comments?post=1225"}],"version-history":[{"count":0,"href":"https:\/\/hostnetart.com.br\/baixada\/wp-json\/wp\/v2\/posts\/1225\/revisions"}],"wp:attachment":[{"href":"https:\/\/hostnetart.com.br\/baixada\/wp-json\/wp\/v2\/media?parent=1225"}],"wp:term":[{"taxonomy":"category","embeddable":true,"href":"https:\/\/hostnetart.com.br\/baixada\/wp-json\/wp\/v2\/categories?post=1225"},{"taxonomy":"post_tag","embeddable":true,"href":"https:\/\/hostnetart.com.br\/baixada\/wp-json\/wp\/v2\/tags?post=1225"}],"curies":[{"name":"wp","href":"https:\/\/api.w.org\/{rel}","templated":true}]}}