{"id":12242,"date":"2022-03-03T18:09:01","date_gmt":"2022-03-03T21:09:01","guid":{"rendered":"https:\/\/hostnetart.com.br\/baixada\/com-defasagem-acima-de-100-na-tabela-receita-abre-declaracoes-do-imposto-de-renda\/"},"modified":"2022-03-03T18:09:01","modified_gmt":"2022-03-03T21:09:01","slug":"com-defasagem-acima-de-100-na-tabela-receita-abre-declaracoes-do-imposto-de-renda","status":"publish","type":"post","link":"https:\/\/hostnetart.com.br\/baixada\/com-defasagem-acima-de-100-na-tabela-receita-abre-declaracoes-do-imposto-de-renda\/","title":{"rendered":"Com defasagem acima de 100% na tabela, Receita abre declara\u00e7\u00f5es do Imposto de Renda"},"content":{"rendered":"<p>A partir das 8h da pr\u00f3xima segunda-feira (7), est\u00e1 aberto o prazo para entrega de declara\u00e7\u00f5es do Imposto de Renda, que vai at\u00e9 as 23h59 de 29 de abril. Segundo a Receita Federal, a expectativa \u00e9 de que sejam entregues 34,1 milh\u00f5es de declara\u00e7\u00f5es de pessoas f\u00edsicas. Neste ano, a restitui\u00e7\u00e3o, para quem tiver direito a receber, poder\u00e1 ser feita via PIX.<\/p>\n<p>Mais uma vez, o governo n\u00e3o reajustou a tabela do Imposto de Renda, fazendo com que milh\u00f5es de pessoas sejam obrigadas a declarar. Segundo a Associa\u00e7\u00e3o Nacional dos Auditores Fiscais da Receita Federal (Unafisco Nacional), 15 milh\u00f5es de pessoas que deveriam estar isentas ser\u00e3o tributadas \u2013 ou seja, quase 45% da estimativa apresentada pela Receita.\u00a0<a href=\"https:\/\/www.redebrasilatual.com.br\/economia\/2022\/01\/correcao-tabela-imposto-de-renda-governo-confisco\/\" target=\"_blank\" rel=\"noopener noreferrer\">A defasagem acumulada desde 1996 chega a 134,53%.\u00a0<\/a>S\u00f3 no atual governo,\u00a0<a href=\"https:\/\/www.redebrasilatual.com.br\/economia\/2022\/01\/bolsonaro-descumpre-promessa-defasagem-da-tabela-do-imposto-de-renda-sobe-para-134\/\" target=\"_blank\" rel=\"noopener noreferrer\">cujo presidente havia prometido corrigir a tabela quando candidato<\/a>, est\u00e1 perto dos 25%.<\/p>\n<p>O programa gerador (PGD) dever\u00e1 estar dispon\u00edvel \u00e0s 8h do dia 7. No computador, o programa fica no endere\u00e7o\u00a0<a href=\"http:\/\/www.gov.br\/receitafederal\/pt-br\" target=\"_blank\" rel=\"noopener noreferrer\">www.gov.br\/receitafederal\/pt-br<\/a>. A declara\u00e7\u00e3o tamb\u00e9m pode ser feita por dispositivos m\u00f3veis.<\/p>\n<h3>Quem declara<\/h3>\n<p>Entre os contribuintes obrigados a apresentar a declara\u00e7\u00e3o anual, est\u00e3o aqueles que receberam rendimentos tribut\u00e1veis, sujeitos a ajuste na declara\u00e7\u00e3o, com soma superior a R$ 28.559,70. Na atividade rural, de R$ 142.798,50. Ou que receberam rendimentos isentos, n\u00e3o tribut\u00e1veis ou tributados exclusivamente na fonte, cuja soma foi superior a R$ 40.000.<\/p>\n<p>Segundo a Receita Federal, a restitui\u00e7\u00e3o poder\u00e1 ser feita via PIX, \u201cdesde que a chave PIX seja o CPF do titular da declara\u00e7\u00e3o\u201d. Essa modalidade tamb\u00e9m poder\u00e1 ser usada para pagamento do Darf, quando houver imposto a pagar.<\/p>\n<p>O primeiro lote de restitui\u00e7\u00e3o ser\u00e1 divulgado em 31 de maio. Depois, vir\u00e3o mais quatro: 30 de junho, 29 de julho, 31 de agosto e 30 de setembro.<\/p>\n<p><strong>Fonte: Rede Brasil Atual<\/strong><\/p>\n","protected":false},"excerpt":{"rendered":"<p>A partir das 8h da pr\u00f3xima segunda-feira (7), est\u00e1 aberto o prazo para entrega de declara\u00e7\u00f5es do Imposto de Renda, que vai at\u00e9 as 23h59 de 29 de abril. Segundo a Receita Federal, a expectativa \u00e9 de que sejam entregues 34,1 milh\u00f5es de declara\u00e7\u00f5es de pessoas f\u00edsicas. Neste ano, a restitui\u00e7\u00e3o, para quem tiver direito [&hellip;]<\/p>\n","protected":false},"author":2,"featured_media":12241,"comment_status":"","ping_status":"","sticky":false,"template":"","format":"standard","meta":{"footnotes":""},"categories":[3],"tags":[],"class_list":["post-12242","post","type-post","status-publish","format-standard","has-post-thumbnail","hentry","category-noticias"],"_links":{"self":[{"href":"https:\/\/hostnetart.com.br\/baixada\/wp-json\/wp\/v2\/posts\/12242","targetHints":{"allow":["GET"]}}],"collection":[{"href":"https:\/\/hostnetart.com.br\/baixada\/wp-json\/wp\/v2\/posts"}],"about":[{"href":"https:\/\/hostnetart.com.br\/baixada\/wp-json\/wp\/v2\/types\/post"}],"author":[{"embeddable":true,"href":"https:\/\/hostnetart.com.br\/baixada\/wp-json\/wp\/v2\/users\/2"}],"replies":[{"embeddable":true,"href":"https:\/\/hostnetart.com.br\/baixada\/wp-json\/wp\/v2\/comments?post=12242"}],"version-history":[{"count":0,"href":"https:\/\/hostnetart.com.br\/baixada\/wp-json\/wp\/v2\/posts\/12242\/revisions"}],"wp:featuredmedia":[{"embeddable":true,"href":"https:\/\/hostnetart.com.br\/baixada\/wp-json\/wp\/v2\/media\/12241"}],"wp:attachment":[{"href":"https:\/\/hostnetart.com.br\/baixada\/wp-json\/wp\/v2\/media?parent=12242"}],"wp:term":[{"taxonomy":"category","embeddable":true,"href":"https:\/\/hostnetart.com.br\/baixada\/wp-json\/wp\/v2\/categories?post=12242"},{"taxonomy":"post_tag","embeddable":true,"href":"https:\/\/hostnetart.com.br\/baixada\/wp-json\/wp\/v2\/tags?post=12242"}],"curies":[{"name":"wp","href":"https:\/\/api.w.org\/{rel}","templated":true}]}}