{"id":12240,"date":"2022-03-03T13:59:08","date_gmt":"2022-03-03T16:59:08","guid":{"rendered":"https:\/\/hostnetart.com.br\/baixada\/seguranca-sanitaria-volta-a-ser-tratada-entre-trabalhadores-e-bancos\/"},"modified":"2022-03-03T13:59:08","modified_gmt":"2022-03-03T16:59:08","slug":"seguranca-sanitaria-volta-a-ser-tratada-entre-trabalhadores-e-bancos","status":"publish","type":"post","link":"https:\/\/hostnetart.com.br\/baixada\/seguranca-sanitaria-volta-a-ser-tratada-entre-trabalhadores-e-bancos\/","title":{"rendered":"Seguran\u00e7a sanit\u00e1ria volta a ser tratada entre trabalhadores e bancos"},"content":{"rendered":"<p>O Comando Nacional dos Banc\u00e1rios se reuniu nesta quinta-feira (3) com a Federa\u00e7\u00e3o Nacional dos Bancos (Fenaban) para ouvir especialistas sobre o quadro da pandemia e suas recomenda\u00e7\u00f5es a respeito da continuidade do cumprimento de protocolos de seguran\u00e7a sanit\u00e1ria em decorr\u00eancia da Covid-19. Foram debatidas tamb\u00e9m medidas a serem tomadas em decorr\u00eancia dos efeitos e sequelas da doen\u00e7a sobre a categoria, j\u00e1 levando em conta os resultados da \u201c<a href=\"https:\/\/contrafcut.com.br\/noticias\/comando-nacional-dos-bancarios-apresenta-pesquisa-sobre-efeitos-da-covid-19-para-fenaban\" target=\"_blank\" rel=\"noopener noreferrer\">Avalia\u00e7\u00e3o longitudinal do Impacto do SARS-CoV2 no sistema nervoso em banc\u00e1rios<\/a>\u201d, realizada pelas professoras doutoras Clarissa Yassuda e M\u00e1rcia Bandini, em parceria com a Confedera\u00e7\u00e3o Nacional dos Trabalhadores do Ramo Financeiro (Contraf-CUT).<\/p>\n<p>A Fenaban informou que os especialistas que seriam ouvidos preferiram aguardar a consolida\u00e7\u00e3o do quadro da pandemia ap\u00f3s o per\u00edodo de Carnaval. Para tanto, pediram que uma nova reuni\u00e3o ocorresse daqui a 15 ou 20 dias.<\/p>\n<p>\u201cJ\u00e1 estamos h\u00e1 dois anos tratando do tema nesta mesa espec\u00edfica sobre a Covid-19. Com nossa negocia\u00e7\u00e3o conseguimos que fossem tomadas diversas medidas para dar mais seguran\u00e7a e tranquilidade para a categoria e esperamos que os bancos continuem a cumprir os protocolos de seguran\u00e7a e levem em conta as sequelas da doen\u00e7a sobre os trabalhadores que foram infectados\u201d, cobrou a presidenta da Confedera\u00e7\u00e3o Nacional dos Trabalhadores do Ramo Financeiro (Contraf-CUT), Juvandia Moreira, que \u00e9 uma das coordenadoras do Comando Nacional. \u201cValorizamos muito o que conquistamos nesta mesa e reconhecemos que as medidas tomadas contribu\u00edram para que a categoria n\u00e3o fosse ainda mais afetada, mas n\u00e3o podemos deixar de lembrar que passamos por momentos muito dif\u00edceis, com perdas de diversos trabalhadores banc\u00e1rios, inclusive de tr\u00eas companheiros membros do Comando, para a Covid-19\u201d, ressaltou.<\/p>\n<p>\u201cConcordamos com a posi\u00e7\u00e3o dos especialistas. Por isso, \u00e9 prudente que os bancos mantenham as medidas de seguran\u00e7a, da forma como foram negociadas nesta mesa\u201d, afirmou a presidenta do Sindicato dos Banc\u00e1rios de S\u00e3o Paulo, Osasco e Regi\u00e3o, Ivone Silva, que tamb\u00e9m \u00e9 coordenadora do Comando Nacional dos Banc\u00e1rios.<\/p>\n<h3><strong>Fim por decreto<\/strong><\/h3>\n<p>O secret\u00e1rio de Sa\u00fade da Contraf-CUT, Mauro Salles, mostrou preocupa\u00e7\u00e3o com o descaso de autoridades e dos meios de comunica\u00e7\u00e3o com quadro atual da Covid-19 no pa\u00eds. \u201cParece que est\u00e3o querendo acabar com a pandemia por decreto. N\u00e3o vemos mais os meios de comunica\u00e7\u00e3o tratando a pandemia com a devida import\u00e2ncia e alguns bancos est\u00e3o descumprindo os protocolos tratados nesta mesa e passaram a se orientar por portarias que n\u00e3o levam em conta nossa preocupa\u00e7\u00e3o com a sa\u00fade e a vida dos trabalhadores, n\u00e3o apenas com quest\u00f5es econ\u00f4micas ou com o lucro\u201d, observou.<\/p>\n<p>Mauro tamb\u00e9m lembrou dos resultados da pesquisa realizada pela Contraf-CUT, que aponta que 44% dos trabalhadores est\u00e3o com a capacidade de trabalho afetada e continuam trabalhando. \u201cN\u00e3o \u00e9 hora de baixar a guarda!\u201d, ressaltou o secret\u00e1rio de Sa\u00fade da Contraf-CUT.<\/p>\n<p>O representante da Fenaban informou que os bancos assumem o compromisso de continuar trabalhando com preven\u00e7\u00e3o e de estudar quais medidas ser\u00e3o tomadas devido \u00e0s sequelas da doen\u00e7a. Mas, disse que seria enviada uma orienta\u00e7\u00e3o aos bancos de que, a partir de hoje, n\u00e3o haveria mais a necessidade de fechamento das unidades para sanitiza\u00e7\u00e3o onde houvesse casos confirmados. No entanto, ap\u00f3s as considera\u00e7\u00f5es feitas pelo Comando Nacional dos Banc\u00e1rios, mudaria a estrat\u00e9gia e indicaria que, a partir do dia 11, se o \u201cefeito Carnaval\u201d n\u00e3o reverter o atual quadro de queda nos casos de cont\u00e1gio e mortes, passando a um quadro adverso, n\u00e3o haver\u00e1 a necessidade do fechamento da unidade para sanitiza\u00e7\u00e3o.<\/p>\n<p>O Comando tamb\u00e9m observa que \u00e9 preciso levar em conta a situa\u00e7\u00e3o de cada local e que os sindicatos devem fazer este acompanhamento e tratar diretamente com os gestores locais\/regionais e que n\u00e3o deveria ser fixada uma data para se deixar de cumprir os protocolos antes de um debate com especialistas sobre a evolu\u00e7\u00e3o da pandemia.<\/p>\n<p>Uma nova reuni\u00e3o, para que os especialistas sejam ouvidos, ser\u00e1 marcada ainda para este m\u00eas.<\/p>\n<p><strong>Fonte: Contraf-CUT<\/strong><\/p>\n","protected":false},"excerpt":{"rendered":"<p>O Comando Nacional dos Banc\u00e1rios se reuniu nesta quinta-feira (3) com a Federa\u00e7\u00e3o Nacional dos Bancos (Fenaban) para ouvir especialistas sobre o quadro da pandemia e suas recomenda\u00e7\u00f5es a respeito da continuidade do cumprimento de protocolos de seguran\u00e7a sanit\u00e1ria em decorr\u00eancia da Covid-19. Foram debatidas tamb\u00e9m medidas a serem tomadas em decorr\u00eancia dos efeitos e [&hellip;]<\/p>\n","protected":false},"author":2,"featured_media":12239,"comment_status":"","ping_status":"","sticky":false,"template":"","format":"standard","meta":{"footnotes":""},"categories":[3],"tags":[],"class_list":["post-12240","post","type-post","status-publish","format-standard","has-post-thumbnail","hentry","category-noticias"],"_links":{"self":[{"href":"https:\/\/hostnetart.com.br\/baixada\/wp-json\/wp\/v2\/posts\/12240","targetHints":{"allow":["GET"]}}],"collection":[{"href":"https:\/\/hostnetart.com.br\/baixada\/wp-json\/wp\/v2\/posts"}],"about":[{"href":"https:\/\/hostnetart.com.br\/baixada\/wp-json\/wp\/v2\/types\/post"}],"author":[{"embeddable":true,"href":"https:\/\/hostnetart.com.br\/baixada\/wp-json\/wp\/v2\/users\/2"}],"replies":[{"embeddable":true,"href":"https:\/\/hostnetart.com.br\/baixada\/wp-json\/wp\/v2\/comments?post=12240"}],"version-history":[{"count":0,"href":"https:\/\/hostnetart.com.br\/baixada\/wp-json\/wp\/v2\/posts\/12240\/revisions"}],"wp:featuredmedia":[{"embeddable":true,"href":"https:\/\/hostnetart.com.br\/baixada\/wp-json\/wp\/v2\/media\/12239"}],"wp:attachment":[{"href":"https:\/\/hostnetart.com.br\/baixada\/wp-json\/wp\/v2\/media?parent=12240"}],"wp:term":[{"taxonomy":"category","embeddable":true,"href":"https:\/\/hostnetart.com.br\/baixada\/wp-json\/wp\/v2\/categories?post=12240"},{"taxonomy":"post_tag","embeddable":true,"href":"https:\/\/hostnetart.com.br\/baixada\/wp-json\/wp\/v2\/tags?post=12240"}],"curies":[{"name":"wp","href":"https:\/\/api.w.org\/{rel}","templated":true}]}}