{"id":12238,"date":"2022-03-03T13:31:54","date_gmt":"2022-03-03T16:31:54","guid":{"rendered":"https:\/\/hostnetart.com.br\/baixada\/revisao-de-reforma-trabalhista-e-apoiada-por-58-aponta-pesquisa\/"},"modified":"2022-03-03T13:31:54","modified_gmt":"2022-03-03T16:31:54","slug":"revisao-de-reforma-trabalhista-e-apoiada-por-58-aponta-pesquisa","status":"publish","type":"post","link":"https:\/\/hostnetart.com.br\/baixada\/revisao-de-reforma-trabalhista-e-apoiada-por-58-aponta-pesquisa\/","title":{"rendered":"Revis\u00e3o de \u2018reforma\u2019 trabalhista \u00e9 apoiada por 58%, aponta pesquisa"},"content":{"rendered":"<p>A maioria dos brasileiros (58%) quer uma revis\u00e3o da \u201creforma\u201d trabalhista e apenas 27% se dizem favor\u00e1veis ao projeto aprovado em 2017, durante o governo de Michel Temer. Os n\u00fameros s\u00e3o de uma pesquisa feita pela Genial\/Quaest. A legisla\u00e7\u00e3o, alterada sob o pretexto de baratear o custo do trabalho para, desse modo, criar mais empregos,\u00a0<a href=\"https:\/\/www.redebrasilatual.com.br\/trabalho\/2021\/08\/reforma-trabalhista-travou-retomada-livro\/\">fracassou<\/a>. A informa\u00e7\u00e3o \u00e9 do jornal\u00a0<em>Folha de S.Paulo<\/em>.<\/p>\n<p>O Brasil fechou o ano de 2021 com 13,8 milh\u00f5es de desempregados,\u00a0<a href=\"https:\/\/www.redebrasilatual.com.br\/economia\/2022\/02\/brasil-2021-mais-informalidade-queda-recorde-renda\/\">maior estimativa da s\u00e9rie hist\u00f3rica<\/a>, iniciada em 2012. Esse n\u00famero \u00e9 59% maior do que o registrado em 2015, \u00faltimo ano antes do impeachment. De l\u00e1 para c\u00e1, o mundo do trabalho viu crescerem empregos prec\u00e1rios, a subocupa\u00e7\u00e3o e a informalidade. Enquanto isso, a\u00a0<a href=\"crise:%2070%25%20das%20fam%C3%ADlias%20brasileiras%20est%C3%A3o%20endividadas%20e%2043%25%20n%C3%A3o%20sabem%20como%20pagar\">renda m\u00e9dia caiu<\/a>\u00a0e atingiu seu menor n\u00edvel em uma d\u00e9cada.<\/p>\n<p>Desse modo, a pesquisa Genial\/Quaest demostra que os n\u00fameros da m\u00e1 gest\u00e3o da economia j\u00e1 refletem diretamente na opini\u00e3o p\u00fablica. E a recente revis\u00e3o da reforma trabalhista na Espanha reacendeu o debate no Brasil. Assim como aqui, os espanh\u00f3is viram uma legisla\u00e7\u00e3o que \u201cflexibilizou\u201d direitos fracassar na justificativa de criar empregos. A reforma aprovada em 2012 na Espanha acabou sendo revista, depois de passar por um longo processo de di\u00e1logo, envolvendo empres\u00e1rios, movimento sindical e governo. A nova lei trabalhista foi aprovada neste in\u00edcio de ano.<\/p>\n<p>O ex-presidente Luiz In\u00e1cio Lula da Silva,\u00a0<a href=\"https:\/\/www.redebrasilatual.com.br\/tag\/pesquisas-eleitorais\" target=\"_blank\" rel=\"noopener noreferrer\">favorito na elei\u00e7\u00e3o presidencial de 2 de outubro<\/a>, j\u00e1 defendeu em entrevistas que o Brasil fa\u00e7a o mesmo. Ou seja, articular um processo de negocia\u00e7\u00e3o que envolva governo, empresas e sindicalistas. Al\u00e9m disso, outra preocupa\u00e7\u00e3o de Lula \u00e9 compor uma alian\u00e7a com amplos setores da pol\u00edtica e da sociedade para assegurar governabilidade e uma maioria no Congresso.<\/p>\n<p>H\u00e1 quatro anos,\u00a0<a href=\"https:\/\/congressoemfoco.uol.com.br\/area\/governo\/datafolha-maioria-da-populacao-e-contra-privatizacoes-e-reforma-trabalhista\/\">as pesquisas j\u00e1 demonstravam<\/a>\u00a0que os brasileiros eram contr\u00e1rios \u00e0 \u201creforma\u201d trabalhista e \u00e0s privatiza\u00e7\u00f5es de empresas p\u00fablicas. Entretanto, o Congresso eleito em 2018 \u00e9 considerado um dos mais conservadores da hist\u00f3ria recente. E que acabou aprovando tamb\u00e9m a reforma da Previd\u00eancia.<\/p>\n<p>\u201cO que precisaremos \u00e9 repensar a legisla\u00e7\u00e3o trabalhista\u201d, disse o ex-ministro do Trabalho Luiz Marinho, em entrevista recente \u00e0\u00a0<strong>TVT<\/strong>. \u201c<a href=\"https:\/\/www.redebrasilatual.com.br\/trabalho\/2022\/01\/revisao-da-reforma-trabalhista-sera-feita-de-forma-pactuada-diz-marinho\/\" target=\"_blank\" rel=\"noopener noreferrer\">Evidentemente, de forma pactuada<\/a>, como ocorreu na Espanha. A partir da negocia\u00e7\u00e3o entre governo, lideran\u00e7as empres\u00e1rias e lideran\u00e7as trabalhistas. Para repactuar um processo de valoriza\u00e7\u00e3o do mercado de trabalho. Buscando, dessa forma, gerar empregos de qualidade\u201d, acrescentou Marinho, que tamb\u00e9m presidiu a CUT e o Sindicato dos Metal\u00fargicos do ABC.<\/p>\n<p><strong>Fonte: Rede Brasil Atual<\/strong><\/p>\n","protected":false},"excerpt":{"rendered":"<p>A maioria dos brasileiros (58%) quer uma revis\u00e3o da \u201creforma\u201d trabalhista e apenas 27% se dizem favor\u00e1veis ao projeto aprovado em 2017, durante o governo de Michel Temer. Os n\u00fameros s\u00e3o de uma pesquisa feita pela Genial\/Quaest. A legisla\u00e7\u00e3o, alterada sob o pretexto de baratear o custo do trabalho para, desse modo, criar mais empregos,\u00a0fracassou. [&hellip;]<\/p>\n","protected":false},"author":2,"featured_media":12237,"comment_status":"","ping_status":"","sticky":false,"template":"","format":"standard","meta":{"footnotes":""},"categories":[3],"tags":[],"class_list":["post-12238","post","type-post","status-publish","format-standard","has-post-thumbnail","hentry","category-noticias"],"_links":{"self":[{"href":"https:\/\/hostnetart.com.br\/baixada\/wp-json\/wp\/v2\/posts\/12238","targetHints":{"allow":["GET"]}}],"collection":[{"href":"https:\/\/hostnetart.com.br\/baixada\/wp-json\/wp\/v2\/posts"}],"about":[{"href":"https:\/\/hostnetart.com.br\/baixada\/wp-json\/wp\/v2\/types\/post"}],"author":[{"embeddable":true,"href":"https:\/\/hostnetart.com.br\/baixada\/wp-json\/wp\/v2\/users\/2"}],"replies":[{"embeddable":true,"href":"https:\/\/hostnetart.com.br\/baixada\/wp-json\/wp\/v2\/comments?post=12238"}],"version-history":[{"count":0,"href":"https:\/\/hostnetart.com.br\/baixada\/wp-json\/wp\/v2\/posts\/12238\/revisions"}],"wp:featuredmedia":[{"embeddable":true,"href":"https:\/\/hostnetart.com.br\/baixada\/wp-json\/wp\/v2\/media\/12237"}],"wp:attachment":[{"href":"https:\/\/hostnetart.com.br\/baixada\/wp-json\/wp\/v2\/media?parent=12238"}],"wp:term":[{"taxonomy":"category","embeddable":true,"href":"https:\/\/hostnetart.com.br\/baixada\/wp-json\/wp\/v2\/categories?post=12238"},{"taxonomy":"post_tag","embeddable":true,"href":"https:\/\/hostnetart.com.br\/baixada\/wp-json\/wp\/v2\/tags?post=12238"}],"curies":[{"name":"wp","href":"https:\/\/api.w.org\/{rel}","templated":true}]}}