{"id":12226,"date":"2022-02-25T14:18:36","date_gmt":"2022-02-25T17:18:36","guid":{"rendered":"https:\/\/hostnetart.com.br\/baixada\/bb-trabalhadores-conquistam-volta-do-home-office-para-grupo-de-risco\/"},"modified":"2022-02-25T14:18:36","modified_gmt":"2022-02-25T17:18:36","slug":"bb-trabalhadores-conquistam-volta-do-home-office-para-grupo-de-risco","status":"publish","type":"post","link":"https:\/\/hostnetart.com.br\/baixada\/bb-trabalhadores-conquistam-volta-do-home-office-para-grupo-de-risco\/","title":{"rendered":"BB: trabalhadores conquistam volta do home office para grupo de risco"},"content":{"rendered":"<p>Os trabalhadores do Banco do Brasil conquistaram o retorno ao home office aos funcion\u00e1rios do grupo de risco e com mais de 60 anos. O avan\u00e7o, que vinha sendo negociado entre a Comiss\u00e3o de Empresa dos Funcion\u00e1rios do Banco do Brasil (CEBB) e o banco nas \u00faltimas semanas, acabou de ser comunicado a todos os funcion\u00e1rios do BB, como compromisso assumido com o movimento sindical.<\/p>\n<p>\u201cDesde o ano passado, os sindicatos est\u00e3o cobrando o direito ao home office para as pessoas do grupo de risco e cobrando quest\u00f5es que envolvem a seguran\u00e7a e manuten\u00e7\u00e3o dos postos de trabalho\u201d, explica o coordenador da CEBB, Jo\u00e3o Fukunaga, comemorando a nova resolu\u00e7\u00e3o.<\/p>\n<p>Quem poder\u00e1 solicitar o home office<\/p>\n<ul>\n<li>Os funcion\u00e1rios que apresentam condi\u00e7\u00f5es cl\u00ednicas de risco para complica\u00e7\u00f5es da Covid-19 ter\u00e3o a op\u00e7\u00e3o de trabalhar de forma remota, mediante declara\u00e7\u00e3o e comprova\u00e7\u00e3o que se enquadram em alguns dos seguintes casos:<\/li>\n<li>Cardiopatias graves ou descompensadas (insufici\u00eancia card\u00edaca, infartados, revascularizados, arritmias, hipertens\u00e3o arterial sist\u00eamica descompensada);<\/li>\n<li>Neuropatias graves ou descompensadas (dependentes de oxig\u00eanio, portadores de asma moderada\/grave, Doen\u00e7a Pulmonar Obstrutiva Cr\u00f4nica \u2013 DPOC);<\/li>\n<li>Imunodepress\u00e3o;<\/li>\n<li>Doen\u00e7as renais cr\u00f4nicas em est\u00e1gio avan\u00e7ado (graus 3, 4 e 5);<\/li>\n<li>Diabetes, conforme ju\u00edzo cl\u00ednico;<\/li>\n<li>Gesta\u00e7\u00f5es de alto risco;<\/li>\n<li>Os funcion\u00e1rios com 60 anos ou mais tamb\u00e9m ter\u00e3o a op\u00e7\u00e3o de trabalhar de forma remota.<\/li>\n<\/ul>\n<p>Aqueles que se enquadrarem em algum desses casos dever\u00e3o encaminhar documenta\u00e7\u00e3o (pareceres m\u00e9dicos e exames), por meio de endere\u00e7o eletr\u00f4nico, aos Servi\u00e7os Especializados em Engenharia de Seguran\u00e7a e em Medicina do Trabalho (Sesmt). \u201cAp\u00f3s o envio, enquanto o banco n\u00e3o se manifestar sobre o enquadramento nas condi\u00e7\u00f5es cl\u00ednicas, o funcion\u00e1rio permanecer\u00e1 em trabalho remoto\u201d, explica Fukunaga. Caso o Sesmt conclua que o funcion\u00e1rio n\u00e3o possui condi\u00e7\u00f5es cl\u00ednicas para o desenvolvimento de complica\u00e7\u00f5es de Covid-19, ele automaticamente retornar\u00e1 ao trabalho presencial.<\/p>\n<p>Trajet\u00f3ria das mobiliza\u00e7\u00f5es No \u00faltimo trimestre de 2021, por decis\u00e3o unilateral, o Banco do Brasil colocou em pr\u00e1tica a retomada de 100% do trabalho presencial. Na ocasi\u00e3o, os movimentos que representam os trabalhadores pediam para que o home office fosse mantido aos trabalhadores com comorbidades, mas o banco negou.<\/p>\n<p>Em mesa de negocia\u00e7\u00e3o, realizada no dia 8 de dezembro, os trabalhadores obtiveram um pequeno avan\u00e7o, com a manuten\u00e7\u00e3o do home office para gr\u00e1vidas, imunossuprimidos (indiv\u00edduos que possuem uma condi\u00e7\u00e3o de sa\u00fade que faz com que seus corpos respondam menos a qualquer tipo de vacina), pessoas em tratamento contra o c\u00e2ncer e com defici\u00eancia auditiva. Tamb\u00e9m permaneceram em home office as pessoas que n\u00e3o se vacinaram por indica\u00e7\u00e3o m\u00e9dica.<\/p>\n<p>\u201cEntretanto, n\u00f3s continuamos defendendo a retomada do trabalho remoto para todos enquadrados no grupo de risco. Nossa preocupa\u00e7\u00e3o foi se tornando ainda maior quando vimos os n\u00fameros de contaminados por covid e, agora tamb\u00e9m por influenza, subindo em todo o pa\u00eds, entre o final do ano passado e o in\u00edcio deste\u201d, relembra o coordenador da CEBB.<\/p>\n<p>No dia 27 de janeiro, trabalhadores do BB em todo o pa\u00eds realizaram um Dia Nacional de Luta para exigir do banco respeito \u00e0 sa\u00fade dos trabalhadores e clientes. No dia seguinte,\u00a0<a href=\"https:\/\/contrafcut.com.br\/noticias\/bb-trabalhadores-denunciam-falta-de-seguranca-contra-a-covid-19\/\" target=\"_blank\" rel=\"noopener noreferrer\">a CEBB ainda se reuniu com o banco, quando cobrou a r\u00e1pida implementa\u00e7\u00e3o de medidas de prote\u00e7\u00e3o \u00e0 sa\u00fade, entre elas o teletrabalho para locais de grande aglomera\u00e7\u00e3o e para todos dos grupos de risco<\/a>. \u201cEstamos felizes por, finalmente, conquistar esse direito do trabalhador de resguardar sua sa\u00fade num momento t\u00e3o delicado como este que estamos vivendo\u201d, pontua Fukunaga.<\/p>\n<p>O BB sinalizou a possibilidade de retomar as negocia\u00e7\u00f5es sobre o teletrabalho institucional, cujas premissas j\u00e1 foram contempladas em acordo espec\u00edfico assinado entre o BB e a Contraf-CUT. Reuni\u00e3o est\u00e1 agendada para a pr\u00f3xima quinta-feira (3).<\/p>\n<p><strong>Fonte: Contraf-CUT<\/strong><\/p>\n","protected":false},"excerpt":{"rendered":"<p>Os trabalhadores do Banco do Brasil conquistaram o retorno ao home office aos funcion\u00e1rios do grupo de risco e com mais de 60 anos. O avan\u00e7o, que vinha sendo negociado entre a Comiss\u00e3o de Empresa dos Funcion\u00e1rios do Banco do Brasil (CEBB) e o banco nas \u00faltimas semanas, acabou de ser comunicado a todos os [&hellip;]<\/p>\n","protected":false},"author":2,"featured_media":12225,"comment_status":"","ping_status":"","sticky":false,"template":"","format":"standard","meta":{"footnotes":""},"categories":[3],"tags":[],"class_list":["post-12226","post","type-post","status-publish","format-standard","has-post-thumbnail","hentry","category-noticias"],"_links":{"self":[{"href":"https:\/\/hostnetart.com.br\/baixada\/wp-json\/wp\/v2\/posts\/12226","targetHints":{"allow":["GET"]}}],"collection":[{"href":"https:\/\/hostnetart.com.br\/baixada\/wp-json\/wp\/v2\/posts"}],"about":[{"href":"https:\/\/hostnetart.com.br\/baixada\/wp-json\/wp\/v2\/types\/post"}],"author":[{"embeddable":true,"href":"https:\/\/hostnetart.com.br\/baixada\/wp-json\/wp\/v2\/users\/2"}],"replies":[{"embeddable":true,"href":"https:\/\/hostnetart.com.br\/baixada\/wp-json\/wp\/v2\/comments?post=12226"}],"version-history":[{"count":0,"href":"https:\/\/hostnetart.com.br\/baixada\/wp-json\/wp\/v2\/posts\/12226\/revisions"}],"wp:featuredmedia":[{"embeddable":true,"href":"https:\/\/hostnetart.com.br\/baixada\/wp-json\/wp\/v2\/media\/12225"}],"wp:attachment":[{"href":"https:\/\/hostnetart.com.br\/baixada\/wp-json\/wp\/v2\/media?parent=12226"}],"wp:term":[{"taxonomy":"category","embeddable":true,"href":"https:\/\/hostnetart.com.br\/baixada\/wp-json\/wp\/v2\/categories?post=12226"},{"taxonomy":"post_tag","embeddable":true,"href":"https:\/\/hostnetart.com.br\/baixada\/wp-json\/wp\/v2\/tags?post=12226"}],"curies":[{"name":"wp","href":"https:\/\/api.w.org\/{rel}","templated":true}]}}