{"id":12222,"date":"2022-02-25T03:03:36","date_gmt":"2022-02-25T06:03:36","guid":{"rendered":"https:\/\/hostnetart.com.br\/baixada\/vacinas-mascara-e-isolamento-salvaram-ao-menos-66-mil-vidas-apenas-no-rio\/"},"modified":"2022-02-25T03:03:36","modified_gmt":"2022-02-25T06:03:36","slug":"vacinas-mascara-e-isolamento-salvaram-ao-menos-66-mil-vidas-apenas-no-rio","status":"publish","type":"post","link":"https:\/\/hostnetart.com.br\/baixada\/vacinas-mascara-e-isolamento-salvaram-ao-menos-66-mil-vidas-apenas-no-rio\/","title":{"rendered":"Vacinas, m\u00e1scara e isolamento salvaram ao menos 66 mil vidas apenas no Rio"},"content":{"rendered":"<p>Desde que o Brasil iniciou, atrasado, a imuniza\u00e7\u00e3o da popula\u00e7\u00e3o contra a\u00a0<a href=\"https:\/\/www.redebrasilatual.com.br\/tag\/coronavirus\/\" target=\"_blank\" rel=\"noopener noreferrer\">covid-19<\/a>, a efic\u00e1cia das vacinas para prevenir mortes j\u00e1 est\u00e1 comprovada pelos n\u00fameros. Embora o\u00a0<a href=\"https:\/\/www.redebrasilatual.com.br\/saude-e-ciencia\/2022\/02\/mortes-covid-indicam-pandemia-brasil-ainda-longe-fim\/\" target=\"_blank\" rel=\"noopener noreferrer\">n\u00famero de v\u00edtimas siga elevado<\/a>, o cen\u00e1rio seria muito pior sem elas. \u00c9 o que atesta novo\u00a0<a href=\"https:\/\/agencia.fiocruz.br\/covid-19-vacina-e-isolamento-podem-ter-evitado-380-mil-hospitalizacoes-e-66-mil-mortes-no-rio?utm_source=Twitter&amp;utm_medium=AFN&amp;utm_campaign=campaign&amp;utm_term=term&amp;utm_content=content\" target=\"_blank\" rel=\"noopener noreferrer\">levantamento da Funda\u00e7\u00e3o Oswaldo Cruz (Fiocruz)<\/a>. Apenas no Rio de Janeiro, segundo o estudo, vacinas e isolamento social evitaram ao menos 66 mil mortes a mais.<\/p>\n<p>A entidade conclui tamb\u00e9m que, al\u00e9m das vidas salvas, foram evitados ao menos 380 mil hospitaliza\u00e7\u00f5es. As vacinas, al\u00e9m de preservarem vidas, resultam em economia de recursos para o sistema de Sa\u00fade. Segundo o estudo, a vacina\u00e7\u00e3o sozinha teria evitado cerca de 230 mil hospitaliza\u00e7\u00f5es e de 43 mil mortes. J\u00e1 as medidas n\u00e3o farmacol\u00f3gicas, como uso de m\u00e1scaras e isolamento, foram respons\u00e1veis por aliviar o sistema de sa\u00fade em 150 mil hospitaliza\u00e7\u00f5es e as fam\u00edlias, em 23 mil mortes causadas pela doen\u00e7a.<\/p>\n<div class=\"widget-area-inside-single-content\">\u00a0<\/div>\n<div class=\"wp-block-image\">\n<figure class=\"alignright size-large is-resized\"><img fetchpriority=\"high\" decoding=\"async\" class=\"wp-image-547896 lazyloaded\" src=\"https:\/\/www.redebrasilatual.com.br\/wp-content\/uploads\/2022\/02\/vacina-fiocruz-1024x643.jpg\" sizes=\"(max-width: 512px) 100vw, 512px\" srcset=\"https:\/\/www.redebrasilatual.com.br\/wp-content\/uploads\/2022\/02\/vacina-fiocruz-1024x643.jpg 1024w, https:\/\/www.redebrasilatual.com.br\/wp-content\/uploads\/2022\/02\/vacina-fiocruz-360x226.jpg 360w, https:\/\/www.redebrasilatual.com.br\/wp-content\/uploads\/2022\/02\/vacina-fiocruz-768x483.jpg 768w, https:\/\/www.redebrasilatual.com.br\/wp-content\/uploads\/2022\/02\/vacina-fiocruz.jpg 1200w\" alt=\"reprodu\u00e7\u00e3o\/fiocruz\" width=\"512\" height=\"322\" data-ll-status=\"loaded\" \/><figcaption>Al\u00e9m das vidas salvas, tamb\u00e9m foram evitados ao menos 380 mil hospitaliza\u00e7\u00f5es. As vacinas, al\u00e9m de preservar vidas, resultam em economia de recursos para o sistema de Sa\u00fade<\/figcaption><\/figure>\n<\/div>\n<p>A Fiocruz refor\u00e7a que cuidados seguem necess\u00e1rios. E refor\u00e7a que o governo negacionista de Jair Bolsonaro contribuiu para o atual quadro de \u00f3bitos e contamina\u00e7\u00f5es. \u201cO que aconteceu j\u00e1 foi uma trag\u00e9dia, mas ter\u00edamos tido um n\u00famero de casos e hospitaliza\u00e7\u00f5es ainda maior, se n\u00e3o fossem as medidas adotadas\u201d, , comenta o coordenador do Programa de Computa\u00e7\u00e3o Cient\u00edfica (Procc\/Fiocruz) e do estudo, Daniel Villela.<\/p>\n<h2>Vacinas salvam<\/h2>\n<p>Nesta quinta-fera (24), foi registrada oficialmente a morte de mais 971 pessoas pela infec\u00e7\u00e3o. Desde o in\u00edcio da pandemia, em mar\u00e7o de 2020, j\u00e1 s\u00e3o 647.349 vidas perdidas para o coronav\u00edrus. Os n\u00fameros s\u00e3o do Conselho Nacional de Secret\u00e1rios de Sa\u00fade (<a href=\"https:\/\/www.conass.org.br\/painelconasscovid19\/\" target=\"_blank\" rel=\"noopener noreferrer\">Conass<\/a>)<\/p>\n<p>Nas \u00faltimas 24 horas, al\u00e9m das mortes, foram notificados 93.757 novos casos da doen\u00e7a. Embora em ritmo de queda, a variante \u00f4micron segue com for\u00e7a no pa\u00eds. Desde 15 de janeiro, o Brasil registrou recordes de infec\u00e7\u00f5es, que n\u00e3o resultaram em recordes de mortes. A m\u00e9dia de v\u00edtimas di\u00e1rias, calculada em sete dias, que hoje est\u00e1 em 784, j\u00e1 ultrapassou os 3 mil em agosto de 2021. Mais uma demonstra\u00e7\u00e3o clara do poder das vacinas.<\/p>\n<div class=\"wp-block-image\">\n<figure class=\"aligncenter size-full\"><img decoding=\"async\" class=\"wp-image-547901 lazyloaded\" src=\"https:\/\/www.redebrasilatual.com.br\/wp-content\/uploads\/2022\/02\/covid24.jpg\" sizes=\"(max-width: 644px) 100vw, 644px\" srcset=\"https:\/\/www.redebrasilatual.com.br\/wp-content\/uploads\/2022\/02\/covid24.jpg 644w, https:\/\/www.redebrasilatual.com.br\/wp-content\/uploads\/2022\/02\/covid24-360x98.jpg 360w\" alt=\"covid 24\" width=\"644\" height=\"175\" data-ll-status=\"loaded\" \/><figcaption>N\u00fameros da covid-19 no Brasil. Fonte: Conass<\/figcaption><\/figure>\n<\/div>\n<hr class=\"wp-block-separator\" \/>\n<p>\u201cMesmo com a entrada de uma nova variante como essa, do aumento de casos decorrentes disso e das doses de refor\u00e7o da vacina, temos que continuar tomando os cuidados. De certa forma, \u00e9 uma repeti\u00e7\u00e3o do mesmo filme, mas com outros elementos. A mensagem \u00e9 a de que as pol\u00edticas combinadas continuam sendo importantes e atingindo os melhores resultados\u201d, completa Villela.<\/p>\n<h2><span style=\"text-decoration: underline;\">N\u00e3o acabou<\/span><\/h2>\n<p>No\u00a0<a href=\"https:\/\/agencia.fiocruz.br\/covid-19-boletim-indica-um-brasil-desigual-frente-pandemia?utm_source=Twitter&amp;utm_medium=AFN&amp;utm_campaign=campaign&amp;utm_term=term&amp;utm_content=content\" target=\"_blank\" rel=\"noopener noreferrer\">boletim do Observat\u00f3rio Covid-19 da Fiocruz<\/a>\u00a0divulgado hoje, a entidade refor\u00e7a que a pandemia segue preocupante. Os cientistas pedem cuidados para os cidad\u00e3os e avan\u00e7o na vacina\u00e7\u00e3o, especialmente em rela\u00e7\u00e3o \u00e0s doses de refor\u00e7o e \u00e0s crian\u00e7as. \u201cEmbora o cen\u00e1rio seja bastante promissor, tanto pela tend\u00eancia de queda nos principais indicadores como pelo avan\u00e7o da cobertura vacinal, o boletim\u00a0sublinha que a pandemia ainda n\u00e3o acabou, com necessidade de proteger a popula\u00e7\u00e3o mais vulner\u00e1vel e, considera que dentre os mais expostos est\u00e3o os adultos que n\u00e3o completaram o esquema vacinal, como tamb\u00e9m crian\u00e7as e adolescentes\u201d, informa.<\/p>\n<p>Os pesquisadores chamam a aten\u00e7\u00e3o para a chegada do carnaval. Embora estados sigam com restri\u00e7\u00f5es e cancelamentos de eventos, muitas festas privadas e at\u00e9 mesmo ilegais j\u00e1 est\u00e3o sendo realizadas desde o in\u00edcio da semana. \u201cMedidas de distanciamento f\u00edsico, uso de m\u00e1scaras e higieniza\u00e7\u00e3o das m\u00e3os devem ser mantidas, mesmo em ambientes abertos, onde possa ocorrer concentra\u00e7\u00e3o de pessoas\u201d, volta a alertar a Fiocruz.<\/p>\n<p>Por fim, os pesquisadores recomendam que festas privadas, bailes em casas de festas ou clubes s\u00f3 aceitem participantes que apresentem comprovante de vacina\u00e7\u00e3o.<\/p>\n<div class=\"widget-area-after-single-content\">\n<div class=\"textwidget\"><strong>Fonte: Rede Brasil Atual<\/strong><\/div>\n<\/div>\n","protected":false},"excerpt":{"rendered":"<p>Desde que o Brasil iniciou, atrasado, a imuniza\u00e7\u00e3o da popula\u00e7\u00e3o contra a\u00a0covid-19, a efic\u00e1cia das vacinas para prevenir mortes j\u00e1 est\u00e1 comprovada pelos n\u00fameros. Embora o\u00a0n\u00famero de v\u00edtimas siga elevado, o cen\u00e1rio seria muito pior sem elas. \u00c9 o que atesta novo\u00a0levantamento da Funda\u00e7\u00e3o Oswaldo Cruz (Fiocruz). Apenas no Rio de Janeiro, segundo o estudo, [&hellip;]<\/p>\n","protected":false},"author":2,"featured_media":12221,"comment_status":"","ping_status":"","sticky":false,"template":"","format":"standard","meta":{"footnotes":""},"categories":[3],"tags":[],"class_list":["post-12222","post","type-post","status-publish","format-standard","has-post-thumbnail","hentry","category-noticias"],"_links":{"self":[{"href":"https:\/\/hostnetart.com.br\/baixada\/wp-json\/wp\/v2\/posts\/12222","targetHints":{"allow":["GET"]}}],"collection":[{"href":"https:\/\/hostnetart.com.br\/baixada\/wp-json\/wp\/v2\/posts"}],"about":[{"href":"https:\/\/hostnetart.com.br\/baixada\/wp-json\/wp\/v2\/types\/post"}],"author":[{"embeddable":true,"href":"https:\/\/hostnetart.com.br\/baixada\/wp-json\/wp\/v2\/users\/2"}],"replies":[{"embeddable":true,"href":"https:\/\/hostnetart.com.br\/baixada\/wp-json\/wp\/v2\/comments?post=12222"}],"version-history":[{"count":0,"href":"https:\/\/hostnetart.com.br\/baixada\/wp-json\/wp\/v2\/posts\/12222\/revisions"}],"wp:featuredmedia":[{"embeddable":true,"href":"https:\/\/hostnetart.com.br\/baixada\/wp-json\/wp\/v2\/media\/12221"}],"wp:attachment":[{"href":"https:\/\/hostnetart.com.br\/baixada\/wp-json\/wp\/v2\/media?parent=12222"}],"wp:term":[{"taxonomy":"category","embeddable":true,"href":"https:\/\/hostnetart.com.br\/baixada\/wp-json\/wp\/v2\/categories?post=12222"},{"taxonomy":"post_tag","embeddable":true,"href":"https:\/\/hostnetart.com.br\/baixada\/wp-json\/wp\/v2\/tags?post=12222"}],"curies":[{"name":"wp","href":"https:\/\/api.w.org\/{rel}","templated":true}]}}