{"id":12220,"date":"2022-02-24T21:39:36","date_gmt":"2022-02-25T00:39:36","guid":{"rendered":"https:\/\/hostnetart.com.br\/baixada\/caixa-paga-plr-nesta-sexta-feira-25\/"},"modified":"2022-02-24T21:39:36","modified_gmt":"2022-02-25T00:39:36","slug":"caixa-paga-plr-nesta-sexta-feira-25","status":"publish","type":"post","link":"https:\/\/hostnetart.com.br\/baixada\/caixa-paga-plr-nesta-sexta-feira-25\/","title":{"rendered":"Caixa paga PLR nesta sexta-feira (25)"},"content":{"rendered":"<p>Depois de a Confedera\u00e7\u00e3o Nacional dos Trabalhadores do Ramo Financeiro (Contraf-CUT) enviar dois of\u00edcios com pedido de antecipa\u00e7\u00e3o da Participa\u00e7\u00e3o nos Lucros e Resultados (PLR) aos empregados, a Caixa Econ\u00f4mica Federal anunciou que o pagamento ser\u00e1 efetuado nesta sexta-feira (25).<\/p>\n<p>Durante o an\u00fancio, o presidente da Caixa tentou, mais uma vez, capitalizar politicamente, uma conquista dos empregados. \u201cAntecipar a PLR \u00e9 uma reivindica\u00e7\u00e3o nossa e pag\u00e1-la \u00e9 obriga\u00e7\u00e3o do banco, uma vez que isso \u00e9 conquista de Campanha Nacional. O que se espera \u00e9 que a PLR seja paga em sua integralidade, conforme est\u00e1 no acordo coletivo\u201d, ressaltou a coordenadora da Comiss\u00e3o Executiva de Empregados (CEE) da Caixa, Fabiana Uehara Proscholdt, ao lembrar que no ano passado o banco efetuou o pagamento com valor menor do que o acordado.<\/p>\n<p><strong>Fonte: Contraf-CUT<\/strong><\/p>\n","protected":false},"excerpt":{"rendered":"<p>Depois de a Confedera\u00e7\u00e3o Nacional dos Trabalhadores do Ramo Financeiro (Contraf-CUT) enviar dois of\u00edcios com pedido de antecipa\u00e7\u00e3o da Participa\u00e7\u00e3o nos Lucros e Resultados (PLR) aos empregados, a Caixa Econ\u00f4mica Federal anunciou que o pagamento ser\u00e1 efetuado nesta sexta-feira (25). Durante o an\u00fancio, o presidente da Caixa tentou, mais uma vez, capitalizar politicamente, uma conquista [&hellip;]<\/p>\n","protected":false},"author":2,"featured_media":12219,"comment_status":"","ping_status":"","sticky":false,"template":"","format":"standard","meta":{"footnotes":""},"categories":[3],"tags":[],"class_list":["post-12220","post","type-post","status-publish","format-standard","has-post-thumbnail","hentry","category-noticias"],"_links":{"self":[{"href":"https:\/\/hostnetart.com.br\/baixada\/wp-json\/wp\/v2\/posts\/12220","targetHints":{"allow":["GET"]}}],"collection":[{"href":"https:\/\/hostnetart.com.br\/baixada\/wp-json\/wp\/v2\/posts"}],"about":[{"href":"https:\/\/hostnetart.com.br\/baixada\/wp-json\/wp\/v2\/types\/post"}],"author":[{"embeddable":true,"href":"https:\/\/hostnetart.com.br\/baixada\/wp-json\/wp\/v2\/users\/2"}],"replies":[{"embeddable":true,"href":"https:\/\/hostnetart.com.br\/baixada\/wp-json\/wp\/v2\/comments?post=12220"}],"version-history":[{"count":0,"href":"https:\/\/hostnetart.com.br\/baixada\/wp-json\/wp\/v2\/posts\/12220\/revisions"}],"wp:featuredmedia":[{"embeddable":true,"href":"https:\/\/hostnetart.com.br\/baixada\/wp-json\/wp\/v2\/media\/12219"}],"wp:attachment":[{"href":"https:\/\/hostnetart.com.br\/baixada\/wp-json\/wp\/v2\/media?parent=12220"}],"wp:term":[{"taxonomy":"category","embeddable":true,"href":"https:\/\/hostnetart.com.br\/baixada\/wp-json\/wp\/v2\/categories?post=12220"},{"taxonomy":"post_tag","embeddable":true,"href":"https:\/\/hostnetart.com.br\/baixada\/wp-json\/wp\/v2\/tags?post=12220"}],"curies":[{"name":"wp","href":"https:\/\/api.w.org\/{rel}","templated":true}]}}