{"id":12206,"date":"2022-02-23T14:06:12","date_gmt":"2022-02-23T17:06:12","guid":{"rendered":"https:\/\/hostnetart.com.br\/baixada\/cut-lanca-comites-por-trabalho-vida-e-democracia-para-reconstruir-o-pais\/"},"modified":"2022-02-23T14:06:12","modified_gmt":"2022-02-23T17:06:12","slug":"cut-lanca-comites-por-trabalho-vida-e-democracia-para-reconstruir-o-pais","status":"publish","type":"post","link":"https:\/\/hostnetart.com.br\/baixada\/cut-lanca-comites-por-trabalho-vida-e-democracia-para-reconstruir-o-pais\/","title":{"rendered":"CUT lan\u00e7a comit\u00eas por trabalho, vida e democracia, para reconstruir o pa\u00eds"},"content":{"rendered":"<p>A CUT lan\u00e7a nesta ter\u00e7a-feira (22) os \u201cComit\u00eas de luta em defesa da classe trabalhadora, pela vida e democracia\u201d. \u00c9 uma resposta \u00e0 crise pela qual passa o pa\u00eds, o que o presidente da central, S\u00e9rgio Nobre, chama de \u201cmomento mais dif\u00edcil e dram\u00e1tico\u201d pelo qual passam os trabalhadores. Ele cita as \u201ctr\u00e1gicas consequ\u00eancias\u201d da pol\u00edtica econ\u00f4mica dos \u00faltimos anos, que agravaram o desemprego e fizeram crescer a infla\u00e7\u00e3o e a pobreza.<\/p>\n<p>O lan\u00e7amento tem transmiss\u00e3o pela p\u00e1ginas da CUT e da<strong>\u00a0TVT<\/strong>\u00a0no\u00a0<a href=\"https:\/\/www.facebook.com\/redetvt\" target=\"_blank\" rel=\"noopener noreferrer\">Facebook<\/a>\u00a0e no\u00a0<a href=\"https:\/\/www.youtube.com\/c\/redetvt\/featured\" target=\"_blank\" rel=\"noopener noreferrer\">YouTube<\/a>, al\u00e9m do pr\u00f3prio canal da emissora (canal 44.1 \u2013 sinal digital HD aberto e- canal 512 NET HD-ABC). Al\u00e9m de S\u00e9rgio Nobre, participam tamb\u00e9m a secret\u00e1ria-geral da CUT, Carmen Foro, e os secret\u00e1rios de Comunica\u00e7\u00e3o, Roni Barbosa, e de Forma\u00e7\u00e3o, Rosane Bertotti.<\/p>\n<p>Segundo o presidente da central, os comit\u00eas ser\u00e3o um instrumento de\u00a0<a href=\"https:\/\/www.redebrasilatual.com.br\/trabalho\/2022\/02\/agenda-centrais-sindicais-conclat-1o-de-maio-eleicoes\/\" target=\"_blank\" rel=\"noopener noreferrer\">mobiliza\u00e7\u00e3o dos trabalhadores<\/a>\u00a0para buscar a retomada do desenvolvimento social e econ\u00f4mico. A participa\u00e7\u00e3o \u00e9 aberta a todos. Al\u00e9m disso, a CUT est\u00e1 organizando as chamadas brigadas digitais, para combater a desinforma\u00e7\u00e3o nas redes sociais.<\/p>\n<p><strong>Fonte: Rede Brasil Atual<\/strong><\/p>\n","protected":false},"excerpt":{"rendered":"<p>A CUT lan\u00e7a nesta ter\u00e7a-feira (22) os \u201cComit\u00eas de luta em defesa da classe trabalhadora, pela vida e democracia\u201d. \u00c9 uma resposta \u00e0 crise pela qual passa o pa\u00eds, o que o presidente da central, S\u00e9rgio Nobre, chama de \u201cmomento mais dif\u00edcil e dram\u00e1tico\u201d pelo qual passam os trabalhadores. Ele cita as \u201ctr\u00e1gicas consequ\u00eancias\u201d da [&hellip;]<\/p>\n","protected":false},"author":2,"featured_media":12205,"comment_status":"","ping_status":"","sticky":false,"template":"","format":"standard","meta":{"footnotes":""},"categories":[3],"tags":[],"class_list":["post-12206","post","type-post","status-publish","format-standard","has-post-thumbnail","hentry","category-noticias"],"_links":{"self":[{"href":"https:\/\/hostnetart.com.br\/baixada\/wp-json\/wp\/v2\/posts\/12206","targetHints":{"allow":["GET"]}}],"collection":[{"href":"https:\/\/hostnetart.com.br\/baixada\/wp-json\/wp\/v2\/posts"}],"about":[{"href":"https:\/\/hostnetart.com.br\/baixada\/wp-json\/wp\/v2\/types\/post"}],"author":[{"embeddable":true,"href":"https:\/\/hostnetart.com.br\/baixada\/wp-json\/wp\/v2\/users\/2"}],"replies":[{"embeddable":true,"href":"https:\/\/hostnetart.com.br\/baixada\/wp-json\/wp\/v2\/comments?post=12206"}],"version-history":[{"count":0,"href":"https:\/\/hostnetart.com.br\/baixada\/wp-json\/wp\/v2\/posts\/12206\/revisions"}],"wp:featuredmedia":[{"embeddable":true,"href":"https:\/\/hostnetart.com.br\/baixada\/wp-json\/wp\/v2\/media\/12205"}],"wp:attachment":[{"href":"https:\/\/hostnetart.com.br\/baixada\/wp-json\/wp\/v2\/media?parent=12206"}],"wp:term":[{"taxonomy":"category","embeddable":true,"href":"https:\/\/hostnetart.com.br\/baixada\/wp-json\/wp\/v2\/categories?post=12206"},{"taxonomy":"post_tag","embeddable":true,"href":"https:\/\/hostnetart.com.br\/baixada\/wp-json\/wp\/v2\/tags?post=12206"}],"curies":[{"name":"wp","href":"https:\/\/api.w.org\/{rel}","templated":true}]}}