{"id":12191,"date":"2022-02-22T13:49:51","date_gmt":"2022-02-22T16:49:51","guid":{"rendered":"https:\/\/hostnetart.com.br\/baixada\/poder-envelhecer-com-dignidade-e-saude-e-direito-e-conquista\/"},"modified":"2022-02-22T13:49:51","modified_gmt":"2022-02-22T16:49:51","slug":"poder-envelhecer-com-dignidade-e-saude-e-direito-e-conquista","status":"publish","type":"post","link":"https:\/\/hostnetart.com.br\/baixada\/poder-envelhecer-com-dignidade-e-saude-e-direito-e-conquista\/","title":{"rendered":"Poder envelhecer com dignidade e sa\u00fade \u00e9 direito e conquista"},"content":{"rendered":"<p>Poder envelhecer de maneira ativa e saud\u00e1vel \u00e9, de fato, um desafio de todos e n\u00e3o apenas de car\u00e1ter individual. Al\u00e9m das a\u00e7\u00f5es de gest\u00e3o no \u00e2mbito da sa\u00fade p\u00fablica como direito de todo cidad\u00e3o brasileiro, gra\u00e7as ao nosso Sistema \u00danico de Sa\u00fade (SUS), pol\u00edticas p\u00fablicas espec\u00edficas e de acompanhamento funcionam. Por isso, \u00e9 encoraj. Isso porque s\u00e3o imprescind\u00edveis para que isso aconte\u00e7a.<\/p>\n<p>Classificar o envelhecimento como \u201cvelhice\u201d \u00e9 atribuir ao tempo de vida de uma pessoa um diagn\u00f3stico de doen\u00e7a. E desse modo refor\u00e7ar o estigma e o \u201cidadismo\u201d, que \u00e9 o preconceito de idade. Mas h\u00e1 caminhos para se reduzir que esse tipo de preconceito, como recomenda o\u00a0<a href=\"https:\/\/www.who.int\/pt\/publications\/i\/item\/9789240020504\" target=\"_blank\" rel=\"noopener noreferrer\">Relat\u00f3rio Mundial sobre o Idadismo<\/a>. O documento, de autoria da Organiza\u00e7\u00e3o Pan-Americana da Sa\u00fade (Opas), recomenda a\u00e7\u00f5es dos governos, ag\u00eancias da ONU, sociedade civil e setor privado.<\/p>\n<p>Sou defensor dos direitos da popula\u00e7\u00e3o idosa e sempre que posso me envolvo com a tem\u00e1tica do envelhecimento como direito. Quando ministro da Sa\u00fade, priorizamos o incentivo ao envelhecimento ativo e saud\u00e1vel nos estados e munic\u00edpios. Por exemplo, com a implanta\u00e7\u00e3o do Programa Academia da Cidade para estimular as atividades f\u00edsicas, focadas no bem-estar saud\u00e1vel. Al\u00e9m disso, com a amplia\u00e7\u00e3o das unidades do programa Farm\u00e1cia Popular, que deu acesso gratuito aos medicamentos de uso continuado aos idosos. E tamb\u00e9m o programa Mais M\u00e9dicos que levou acompanhamento m\u00e9dico e criou v\u00ednculo com essa popula\u00e7\u00e3o.<\/p>\n<p>Dois importantes Projetos de Lei tramitam no Congresso Nacional, o PL\u00a0 5.178\/20, que cria e regulamenta a profiss\u00e3o de cuidador social de pessoa, e o PL 9.003\/17, que regulamenta a profiss\u00e3o de geront\u00f3logo. A aprova\u00e7\u00e3o deles \u00e9 fundamental para a reafirma\u00e7\u00e3o do direito da pessoa idosa. Estamos lutando para que eles sejam aprovados o mais r\u00e1pido poss\u00edvel tanto na C\u00e2mara quanto no Senado.<\/p>\n<h3 class=\"has-text-align-center has-background\">\u00a0<\/h3>\n<p>Sou membro da Comiss\u00e3o de Direitos da Pessoa Idosa na C\u00e2mara. Nessa condi\u00e7\u00e3o, convocaremos uma audi\u00eancia p\u00fablica sobre a necessidade de o Brasil aderir e endossar a conven\u00e7\u00e3o pan-americana de defesa dos direitos da pessoa idosa. Outra importante iniciativa que deve ser assegurada \u00e9 da liga ibero-americana de combater o idadismo, liderada e coordenada pelo m\u00e9dico Alexandre Kalache, epidemiologista especializado no estudo do envelhecimento<\/p>\n<p>Para que o Brasil atinja a meta que prop\u00f4s a OMS em Assembleia Geral, que estabeleceu o per\u00edodo de 2021 a 2030 como a \u201cD\u00e9cada do Envelhecimento Saud\u00e1vel\u201d, precisamos de pol\u00edticas afirmativas. E foco no cuidado e na promo\u00e7\u00e3o do envelhecimento saud\u00e1vel, sem estigma nem preconceito.<\/p>\n<hr class=\"wp-block-separator\" \/>\n<p><em>*<strong><a href=\"https:\/\/www.camara.leg.br\/deputados\/204503\" target=\"_blank\" rel=\"noopener noreferrer\">Alexandre Padilha<\/a><\/strong>\u00a0\u00e9 m\u00e9dico, professor universit\u00e1rio e deputado federal (PT-SP). Foi ministro da Coordena\u00e7\u00e3o Pol\u00edtica de Lula e da Sa\u00fade de Dilma e secret\u00e1rio de Sa\u00fade na gest\u00e3o Fernando Haddad na cidade de S\u00e3o Paulo<\/em><\/p>\n<h5><strong>Fonte: Rede Brasil Atual<\/strong><\/h5>\n","protected":false},"excerpt":{"rendered":"<p>Poder envelhecer de maneira ativa e saud\u00e1vel \u00e9, de fato, um desafio de todos e n\u00e3o apenas de car\u00e1ter individual. Al\u00e9m das a\u00e7\u00f5es de gest\u00e3o no \u00e2mbito da sa\u00fade p\u00fablica como direito de todo cidad\u00e3o brasileiro, gra\u00e7as ao nosso Sistema \u00danico de Sa\u00fade (SUS), pol\u00edticas p\u00fablicas espec\u00edficas e de acompanhamento funcionam. Por isso, \u00e9 encoraj. [&hellip;]<\/p>\n","protected":false},"author":2,"featured_media":12190,"comment_status":"","ping_status":"","sticky":false,"template":"","format":"standard","meta":{"footnotes":""},"categories":[3],"tags":[],"class_list":["post-12191","post","type-post","status-publish","format-standard","has-post-thumbnail","hentry","category-noticias"],"_links":{"self":[{"href":"https:\/\/hostnetart.com.br\/baixada\/wp-json\/wp\/v2\/posts\/12191","targetHints":{"allow":["GET"]}}],"collection":[{"href":"https:\/\/hostnetart.com.br\/baixada\/wp-json\/wp\/v2\/posts"}],"about":[{"href":"https:\/\/hostnetart.com.br\/baixada\/wp-json\/wp\/v2\/types\/post"}],"author":[{"embeddable":true,"href":"https:\/\/hostnetart.com.br\/baixada\/wp-json\/wp\/v2\/users\/2"}],"replies":[{"embeddable":true,"href":"https:\/\/hostnetart.com.br\/baixada\/wp-json\/wp\/v2\/comments?post=12191"}],"version-history":[{"count":0,"href":"https:\/\/hostnetart.com.br\/baixada\/wp-json\/wp\/v2\/posts\/12191\/revisions"}],"wp:featuredmedia":[{"embeddable":true,"href":"https:\/\/hostnetart.com.br\/baixada\/wp-json\/wp\/v2\/media\/12190"}],"wp:attachment":[{"href":"https:\/\/hostnetart.com.br\/baixada\/wp-json\/wp\/v2\/media?parent=12191"}],"wp:term":[{"taxonomy":"category","embeddable":true,"href":"https:\/\/hostnetart.com.br\/baixada\/wp-json\/wp\/v2\/categories?post=12191"},{"taxonomy":"post_tag","embeddable":true,"href":"https:\/\/hostnetart.com.br\/baixada\/wp-json\/wp\/v2\/tags?post=12191"}],"curies":[{"name":"wp","href":"https:\/\/api.w.org\/{rel}","templated":true}]}}