{"id":12189,"date":"2022-02-21T14:00:47","date_gmt":"2022-02-21T17:00:47","guid":{"rendered":"https:\/\/hostnetart.com.br\/baixada\/bancos-nao-funcionarao-durante-feriado-de-carnaval-2022\/"},"modified":"2022-02-21T14:00:47","modified_gmt":"2022-02-21T17:00:47","slug":"bancos-nao-funcionarao-durante-feriado-de-carnaval-2022","status":"publish","type":"post","link":"https:\/\/hostnetart.com.br\/baixada\/bancos-nao-funcionarao-durante-feriado-de-carnaval-2022\/","title":{"rendered":"Bancos n\u00e3o funcionar\u00e3o durante feriado de carnaval 2022"},"content":{"rendered":"<p>O avan\u00e7o no n\u00famero de casos e mortes causadas pela Covid-19 levou muitos estados e mun\u00edcipios a revogar mais uma vez seus pontos facultativos e cancelaram suas festas e desfiles. Apesar disso, a Federa\u00e7\u00e3o Brasileira de Bancos (Febraban) informa que o calend\u00e1rio de feriados banc\u00e1rios est\u00e1 mantido e nos dias 28 de fevereiro e 1 de mar\u00e7o &#8211; segunda e ter\u00e7a-feira de carnaval &#8211; n\u00e3o haver\u00e1 atendimento ao p\u00fablico nas ag\u00eancias. J\u00e1 na quarta-feira de cinzas, dia 2 de mar\u00e7o, o in\u00edcio do expediente ser\u00e1 \u00e0s 12h, no hor\u00e1rio local, com encerramento em hor\u00e1rio normal de fechamento das ag\u00eancias.<\/p>\n<p align=\"justify\">Nas localidades em que as ag\u00eancias fecham normalmente antes das 15h, o in\u00edcio do atendimento ao p\u00fablico ser\u00e1 antecipado, de modo a garantir o m\u00ednimo de 3 horas de funcionamento.<\/p>\n<div id=\"pub-in-text-1\" class=\"dfp publicidade outstream clearfix advertising--loaded\" data-extra-advertising-format=\"in-text\" data-extra-advertising-index=\"1\" data-google-query-id=\"CMr6pID7kPYCFaczuQYdJ4oI2A\">\u00a0A Febraban orienta os clientes a utilizarem preferencialmente os canais digitais, como sites e aplicativo dos bancos, para a realiza\u00e7\u00e3o de transfer\u00eancias e pagamento de contas nos dias em que n\u00e3o houver expediente banc\u00e1rio nas ag\u00eancias.<\/div>\n<p align=\"justify\">As contas de consumo (\u00e1gua, energia, telefone etc.) e carn\u00eas com vencimento em 28 de fevereiro e 1 de mar\u00e7o poder\u00e3o ser pagos, sem acr\u00e9scimo, na quarta-feira (dia 2). Normalmente, os tributos j\u00e1 v\u00eam com datas ajustadas ao calend\u00e1rio de feriados nacionais, estaduais e municipais. Caso isso n\u00e3o tenha ocorrido no documento de arrecada\u00e7\u00e3o, a sugest\u00e3o \u00e9 antecipar o pagamento ou, no caso dos t\u00edtulos que t\u00eam c\u00f3digo de barras, agendar o pagamento nos caixas eletr\u00f4nicos, internet banking e pelo atendimento telef\u00f4nico dos bancos.<\/p>\n<p align=\"justify\">Os boletos banc\u00e1rios de clientes cadastrados como sacados eletr\u00f4nicos poder\u00e3o ser pagos via DDA (D\u00e9bito Direto Autorizado).<\/p>\n<p><strong>Atendimento ao p\u00fablico nas ag\u00eancias banc\u00e1rias<\/strong><\/p>\n<p><span style=\"text-decoration: underline;\"><span dir=\"ltr\">28\/2<\/span>\u00a0(segunda-feira)<\/span> &#8211; n\u00e3o haver\u00e1 atendimento\u00a0<\/p>\n<p><span style=\"text-decoration: underline;\">1\/3 (ter\u00e7a-feira)<\/span> &#8211; n\u00e3o haver\u00e1 atendimento<\/p>\n<p><span style=\"text-decoration: underline;\">2\/3 (quarta-feira de cinzas)<\/span> &#8211; atendimento a partir das 12h<\/p>\n","protected":false},"excerpt":{"rendered":"<p>O avan\u00e7o no n\u00famero de casos e mortes causadas pela Covid-19 levou muitos estados e mun\u00edcipios a revogar mais uma vez seus pontos facultativos e cancelaram suas festas e desfiles. Apesar disso, a Federa\u00e7\u00e3o Brasileira de Bancos (Febraban) informa que o calend\u00e1rio de feriados banc\u00e1rios est\u00e1 mantido e nos dias 28 de fevereiro e 1 [&hellip;]<\/p>\n","protected":false},"author":2,"featured_media":12188,"comment_status":"","ping_status":"","sticky":false,"template":"","format":"standard","meta":{"footnotes":""},"categories":[3],"tags":[],"class_list":["post-12189","post","type-post","status-publish","format-standard","has-post-thumbnail","hentry","category-noticias"],"_links":{"self":[{"href":"https:\/\/hostnetart.com.br\/baixada\/wp-json\/wp\/v2\/posts\/12189","targetHints":{"allow":["GET"]}}],"collection":[{"href":"https:\/\/hostnetart.com.br\/baixada\/wp-json\/wp\/v2\/posts"}],"about":[{"href":"https:\/\/hostnetart.com.br\/baixada\/wp-json\/wp\/v2\/types\/post"}],"author":[{"embeddable":true,"href":"https:\/\/hostnetart.com.br\/baixada\/wp-json\/wp\/v2\/users\/2"}],"replies":[{"embeddable":true,"href":"https:\/\/hostnetart.com.br\/baixada\/wp-json\/wp\/v2\/comments?post=12189"}],"version-history":[{"count":0,"href":"https:\/\/hostnetart.com.br\/baixada\/wp-json\/wp\/v2\/posts\/12189\/revisions"}],"wp:featuredmedia":[{"embeddable":true,"href":"https:\/\/hostnetart.com.br\/baixada\/wp-json\/wp\/v2\/media\/12188"}],"wp:attachment":[{"href":"https:\/\/hostnetart.com.br\/baixada\/wp-json\/wp\/v2\/media?parent=12189"}],"wp:term":[{"taxonomy":"category","embeddable":true,"href":"https:\/\/hostnetart.com.br\/baixada\/wp-json\/wp\/v2\/categories?post=12189"},{"taxonomy":"post_tag","embeddable":true,"href":"https:\/\/hostnetart.com.br\/baixada\/wp-json\/wp\/v2\/tags?post=12189"}],"curies":[{"name":"wp","href":"https:\/\/api.w.org\/{rel}","templated":true}]}}