{"id":12187,"date":"2022-02-18T19:56:21","date_gmt":"2022-02-18T22:56:21","guid":{"rendered":"https:\/\/hostnetart.com.br\/baixada\/comando-aprova-calendario-da-campanha-nacional-2022\/"},"modified":"2022-02-18T19:56:21","modified_gmt":"2022-02-18T22:56:21","slug":"comando-aprova-calendario-da-campanha-nacional-2022","status":"publish","type":"post","link":"https:\/\/hostnetart.com.br\/baixada\/comando-aprova-calendario-da-campanha-nacional-2022\/","title":{"rendered":"Comando aprova calend\u00e1rio da Campanha Nacional 2022"},"content":{"rendered":"<p>Comando Nacional dos Banc\u00e1rios definiu, na manh\u00e3 desta sexta-feira (18), o calend\u00e1rio da Campanha Nacional 2022. As atividades foram antecipadas em rela\u00e7\u00e3o aos anos anteriores e a 24\u00aa Confer\u00eancia Nacional dos Banc\u00e1rios ser\u00e1 realizada entre 3 e 5 de junho.<\/p>\n<p>Juvandia Moreira, presidenta da Confedera\u00e7\u00e3o Nacional dos Trabalhadores do Ramo Financeiro (Contraf-CUT) e coordenadora do Comando Nacional, explica que \u201cdecidiu-se pela antecipa\u00e7\u00e3o das atividades por que a reforma trabalhista, feita pelo governo Temer ap\u00f3s o golpe de 2016, acabou com a ultratividade, e isso significa que se a categoria n\u00e3o renovar a conven\u00e7\u00e3o at\u00e9 o dia 30 de agosto, quando a atual perde a validade, poder\u00e1 perder os direitos e os benef\u00edcios fundamentais j\u00e1 conquistados\u201d.<\/p>\n<p>Ficou tamb\u00e9m decidido que a Confer\u00eancia ocorrer\u00e1 de forma h\u00edbrida, com participa\u00e7\u00e3o presencial ainda a ser definida. No pr\u00f3ximo encontro do Comando Nacional ser\u00e3o definidos ainda os eixos da campanha, que ter\u00e1 grande relev\u00e2ncia por se tratar de um ano de defini\u00e7\u00f5es para o pa\u00eds, com a elei\u00e7\u00e3o presidencial.<\/p>\n<p>Juvandia pontua que, na ocasi\u00e3o, \u201cser\u00e3o definidos os caminhos de mobiliza\u00e7\u00e3o da categoria, que dever\u00e1 ser grande, pois este \u00e9 um momento em que haver\u00e1 a decis\u00e3o se o Brasil continuar\u00e1 a ter empresas e bancos p\u00fablicos, se a infla\u00e7\u00e3o ser\u00e1 controlada, se o sal\u00e1rio m\u00ednimo vai recuperar seu poder de compra, se o desemprego vai continuar alto e at\u00e9 mesmo se vamos continuar com um governo que ataca os direitos dos trabalhadores. \u00c9 um momento de mobiliza\u00e7\u00e3o\u201d.<\/p>\n<p><strong>CALEND\u00c1RIO DA CAMPANHA NACIONAL<\/strong><\/p>\n<p>At\u00e9\u00a0<strong>17 de maio<\/strong>: assembleias para elei\u00e7\u00e3o dos delegados.<\/p>\n<p>At\u00e9\u00a0<strong>21 de maio<\/strong>: consulta nacional.<\/p>\n<p>At\u00e9\u00a0<strong>24 de maio<\/strong>: envio da consulta \u00e0 Contraf-CUT.<\/p>\n<p>At\u00e9\u00a0<strong>29 de maio<\/strong>: realiza\u00e7\u00e3o das confer\u00eancias estaduais ou regionais.<\/p>\n<p>A definir: encontro dos bancos privados.<\/p>\n<p>Dias\u00a0<strong>2 e 3 de junho<\/strong>: congressos dos bancos p\u00fablicos (Caixa, BB, BNB, BASA e BNDES).<\/p>\n<p>Dias\u00a0<strong>3 a 5 de junho<\/strong>: 24\u00aa Confer\u00eancia Nacional dos Banc\u00e1rios.<\/p>\n<p>Dias\u00a0<strong>6 e 7 de junho<\/strong>: assembleias para aprova\u00e7\u00e3o da minuta de reivindica\u00e7\u00f5es.<\/p>\n<p><strong>Fonte: Contraf-CUT<\/strong><\/p>\n","protected":false},"excerpt":{"rendered":"<p>Comando Nacional dos Banc\u00e1rios definiu, na manh\u00e3 desta sexta-feira (18), o calend\u00e1rio da Campanha Nacional 2022. As atividades foram antecipadas em rela\u00e7\u00e3o aos anos anteriores e a 24\u00aa Confer\u00eancia Nacional dos Banc\u00e1rios ser\u00e1 realizada entre 3 e 5 de junho. Juvandia Moreira, presidenta da Confedera\u00e7\u00e3o Nacional dos Trabalhadores do Ramo Financeiro (Contraf-CUT) e coordenadora do [&hellip;]<\/p>\n","protected":false},"author":2,"featured_media":12186,"comment_status":"","ping_status":"","sticky":false,"template":"","format":"standard","meta":{"footnotes":""},"categories":[3],"tags":[],"class_list":["post-12187","post","type-post","status-publish","format-standard","has-post-thumbnail","hentry","category-noticias"],"_links":{"self":[{"href":"https:\/\/hostnetart.com.br\/baixada\/wp-json\/wp\/v2\/posts\/12187","targetHints":{"allow":["GET"]}}],"collection":[{"href":"https:\/\/hostnetart.com.br\/baixada\/wp-json\/wp\/v2\/posts"}],"about":[{"href":"https:\/\/hostnetart.com.br\/baixada\/wp-json\/wp\/v2\/types\/post"}],"author":[{"embeddable":true,"href":"https:\/\/hostnetart.com.br\/baixada\/wp-json\/wp\/v2\/users\/2"}],"replies":[{"embeddable":true,"href":"https:\/\/hostnetart.com.br\/baixada\/wp-json\/wp\/v2\/comments?post=12187"}],"version-history":[{"count":0,"href":"https:\/\/hostnetart.com.br\/baixada\/wp-json\/wp\/v2\/posts\/12187\/revisions"}],"wp:featuredmedia":[{"embeddable":true,"href":"https:\/\/hostnetart.com.br\/baixada\/wp-json\/wp\/v2\/media\/12186"}],"wp:attachment":[{"href":"https:\/\/hostnetart.com.br\/baixada\/wp-json\/wp\/v2\/media?parent=12187"}],"wp:term":[{"taxonomy":"category","embeddable":true,"href":"https:\/\/hostnetart.com.br\/baixada\/wp-json\/wp\/v2\/categories?post=12187"},{"taxonomy":"post_tag","embeddable":true,"href":"https:\/\/hostnetart.com.br\/baixada\/wp-json\/wp\/v2\/tags?post=12187"}],"curies":[{"name":"wp","href":"https:\/\/api.w.org\/{rel}","templated":true}]}}