{"id":12183,"date":"2022-02-18T19:52:22","date_gmt":"2022-02-18T22:52:22","guid":{"rendered":"https:\/\/hostnetart.com.br\/baixada\/empregados-da-caixa-reivindicam-protocolos-contra-a-covid-19\/"},"modified":"2022-02-18T19:52:22","modified_gmt":"2022-02-18T22:52:22","slug":"empregados-da-caixa-reivindicam-protocolos-contra-a-covid-19","status":"publish","type":"post","link":"https:\/\/hostnetart.com.br\/baixada\/empregados-da-caixa-reivindicam-protocolos-contra-a-covid-19\/","title":{"rendered":"Empregados da Caixa reivindicam protocolos contra a Covid-19"},"content":{"rendered":"<p>Aperfei\u00e7oar os protocolos de sa\u00fade e seguran\u00e7a na Caixa contra a Covid-19, oferecer melhores condi\u00e7\u00f5es de trabalho aos empregados e proteger a vida de toda a popula\u00e7\u00e3o. Foram essas as principais reivindica\u00e7\u00f5es dos dirigentes do movimento sindical aos representantes da Gest\u00e3o de Pessoas (Gipes) durante a reuni\u00e3o do F\u00f3rum Condi\u00e7\u00f5es de Trabalho. O encontro on-line, aconteceu nessa quinta-feira (17), e definiu pontos de discuss\u00e3o para que o banco p\u00fablico amplie os cuidados com os empregados das unidades. Os trabalhadores tamb\u00e9m cobraram uma mesa espec\u00edfica para debater o Sa\u00fade Caixa.<\/p>\n<p>Segundo a coordenadora da Comiss\u00e3o Executiva dos Empregados (CEE) da Caixa e secret\u00e1ria da Cultura da Confedera\u00e7\u00e3o Nacional dos Trabalhadores do Ramo Financeiro (Contraf-CUT), Fabiana Uehara Proscholdt, algumas lacunas do protocolo da Caixa acabam dificultando o entendimento dos gestores. \u201cPor mais que estejam escritos, n\u00e3o temos protocolos claros executados na Caixa. A informa\u00e7\u00e3o n\u00e3o est\u00e1 chegando \u00e0s ag\u00eancias e, mesmo quando chega, n\u00e3o est\u00e1 sendo cumprida. Isso \u00e9 o m\u00ednimo que deveria ser feito. Quanto mais claro ficar as regras, mais f\u00e1cil ser\u00e1 para o gestor ter respaldo e embasamento para tomar decis\u00f5es. O motivo da reuni\u00e3o tamb\u00e9m foi rever os protocolos atuais e tentar avan\u00e7ar em itens que hoje n\u00e3o atendem as demandas das unidades\u201d, explicou.<\/p>\n<p>Outro ponto de debate foram as metas cobradas pela Caixa. Al\u00e9m de deixarem os empregados sobrecarregados e adoecidos, as cobran\u00e7as t\u00eam atingido diretamente o cumprimento dos protocolos. \u201cA nossa avalia\u00e7\u00e3o \u00e9 que as metas s\u00e3o desumanas e por conta disso tem todo o descumprimento de protocolos porque as pessoas querem cumprir aquilo que est\u00e1 sendo estipulado, at\u00e9 para manteres suas fun\u00e7\u00f5es. As pessoas querem se sentir valorizadas e cuidadas pela empresa. O que ouvimos \u00e9 que os empregados est\u00e3o em segundo lugar e em primeiro est\u00e3o em metas\u201d, afirmou a coordenadora da CEE.<\/p>\n<p>O problema com o cumprimento dos protocolos da Caixa foi pauta na reuni\u00e3o do Comando Nacional dos Banc\u00e1rios com a Federa\u00e7\u00e3o Nacional dos Bancos (Fenaban). A falha foi apontada pela ampla maioria dos presidentes de sindicatos, segundo apontou Antonio Firmino (Fetec-PR).<\/p>\n<p>Neste F\u00f3rum, a dire\u00e7\u00e3o da Caixa est\u00e1 se mostrando preocupada em ouvir as reivindica\u00e7\u00f5es dos trabalhadores e construir melhores condi\u00e7\u00f5es de trabalho para todos. A gest\u00e3o do banco informou ainda que est\u00e1 comprando m\u00e1scaras PFF 2. A a\u00e7\u00e3o est\u00e1 em fase de compra e deve atingir n\u00e3o apenas os empregados maiores de 60 anos, conforme a portaria interministerial n\u00b0 14, mas todos os empregados.<\/p>\n<p>Os dirigentes do movimento sindical solicitaram que a Caixa viabilize as respostas para a pr\u00f3xima reuni\u00e3o do F\u00f3rum, que foi agendada para a pr\u00f3xima quinta-feira (24), das 14h30 \u00e0s 16h.<\/p>\n<p><strong>Confira outras reinvindica\u00e7\u00f5es feitas no F\u00f3rum Condi\u00e7\u00f5es de Trabalho:<\/strong><\/p>\n<ul>\n<li>Prorroga\u00e7\u00e3o das certifica\u00e7\u00f5es CPA 10 e CPA 20. Por conta da pandemia, muitos empregados est\u00e3o com problemas em remarcar a prova na Ambima. Segundo a Caixa, a \u00e1rea respons\u00e1vel j\u00e1 est\u00e1 em tratativas com a Associa\u00e7\u00e3o.<\/li>\n<li>Clareza e efetividade quanto as higieniza\u00e7\u00f5es das unidades.<\/li>\n<li>Suspens\u00e3o das metas do Conquiste ou metas mais razo\u00e1veis.<\/li>\n<li>Fechamento de unidade quando na impossibilidade de atendimento e\/ou possibilidade da Caixa fazer uma comunica\u00e7\u00e3o para informar a popula\u00e7\u00e3o que a ag\u00eancia est\u00e1 em contingenciamento com atendimento apenas de servi\u00e7os essenciais.<\/li>\n<li>Redu\u00e7\u00e3o do hor\u00e1rio de atendimento das ag\u00eancias \u00e0 popula\u00e7\u00e3o. A mudan\u00e7a possibilitaria o empregado focar em outras atribui\u00e7\u00f5es.<\/li>\n<li>Considerando o piloto do atendimento do interaxa nas ag\u00eancias digitais referente a regi\u00e3o norte, importante acompanhamento para n\u00e3o sobrecarregar mais estes empregados.<\/li>\n<li>Avaliar a quest\u00e3o dos credenciamentos e descredenciamento dos m\u00e9dicos no Sa\u00fade Caixa.<\/li>\n<li>Suspens\u00e3o das visitas externas durante a pandemia.<\/li>\n<\/ul>\n<p><strong>Fonte: Contraf-CUT<\/strong><\/p>\n","protected":false},"excerpt":{"rendered":"<p>Aperfei\u00e7oar os protocolos de sa\u00fade e seguran\u00e7a na Caixa contra a Covid-19, oferecer melhores condi\u00e7\u00f5es de trabalho aos empregados e proteger a vida de toda a popula\u00e7\u00e3o. Foram essas as principais reivindica\u00e7\u00f5es dos dirigentes do movimento sindical aos representantes da Gest\u00e3o de Pessoas (Gipes) durante a reuni\u00e3o do F\u00f3rum Condi\u00e7\u00f5es de Trabalho. O encontro on-line, [&hellip;]<\/p>\n","protected":false},"author":2,"featured_media":12182,"comment_status":"","ping_status":"","sticky":false,"template":"","format":"standard","meta":{"footnotes":""},"categories":[3],"tags":[],"class_list":["post-12183","post","type-post","status-publish","format-standard","has-post-thumbnail","hentry","category-noticias"],"_links":{"self":[{"href":"https:\/\/hostnetart.com.br\/baixada\/wp-json\/wp\/v2\/posts\/12183","targetHints":{"allow":["GET"]}}],"collection":[{"href":"https:\/\/hostnetart.com.br\/baixada\/wp-json\/wp\/v2\/posts"}],"about":[{"href":"https:\/\/hostnetart.com.br\/baixada\/wp-json\/wp\/v2\/types\/post"}],"author":[{"embeddable":true,"href":"https:\/\/hostnetart.com.br\/baixada\/wp-json\/wp\/v2\/users\/2"}],"replies":[{"embeddable":true,"href":"https:\/\/hostnetart.com.br\/baixada\/wp-json\/wp\/v2\/comments?post=12183"}],"version-history":[{"count":0,"href":"https:\/\/hostnetart.com.br\/baixada\/wp-json\/wp\/v2\/posts\/12183\/revisions"}],"wp:featuredmedia":[{"embeddable":true,"href":"https:\/\/hostnetart.com.br\/baixada\/wp-json\/wp\/v2\/media\/12182"}],"wp:attachment":[{"href":"https:\/\/hostnetart.com.br\/baixada\/wp-json\/wp\/v2\/media?parent=12183"}],"wp:term":[{"taxonomy":"category","embeddable":true,"href":"https:\/\/hostnetart.com.br\/baixada\/wp-json\/wp\/v2\/categories?post=12183"},{"taxonomy":"post_tag","embeddable":true,"href":"https:\/\/hostnetart.com.br\/baixada\/wp-json\/wp\/v2\/tags?post=12183"}],"curies":[{"name":"wp","href":"https:\/\/api.w.org\/{rel}","templated":true}]}}