{"id":12177,"date":"2022-02-18T16:22:42","date_gmt":"2022-02-18T19:22:42","guid":{"rendered":"https:\/\/hostnetart.com.br\/baixada\/movimento-sindical-e-contra-gestantes-voltarem-ao-trabalho-presencial-durante-pandemia\/"},"modified":"2022-02-18T16:22:42","modified_gmt":"2022-02-18T19:22:42","slug":"movimento-sindical-e-contra-gestantes-voltarem-ao-trabalho-presencial-durante-pandemia","status":"publish","type":"post","link":"https:\/\/hostnetart.com.br\/baixada\/movimento-sindical-e-contra-gestantes-voltarem-ao-trabalho-presencial-durante-pandemia\/","title":{"rendered":"Movimento Sindical \u00e9 contra gestantes voltarem ao trabalho presencial durante pandemia"},"content":{"rendered":"<p>A C\u00e2mara dos Deputados aprovou, nessa quarta-feira (16), projeto que muda regras sobre o trabalho de gestantes\u00a0<a href=\"https:\/\/www.redebrasilatual.com.br\/blogs\/planeta-azul\/2021\/05\/gestantes-covid-19-pesquisas-pandemia\/\" target=\"_blank\" rel=\"noopener noreferrer\">durante a pandemia<\/a>, prevendo sua volta ao presencial. A proposta, que permite o afastamento apenas se a gestante n\u00e3o tiver sido totalmente imunizada, ser\u00e1 enviada \u00e0 san\u00e7\u00e3o presidencial.<\/p>\n<p>Na vota\u00e7\u00e3o, o plen\u00e1rio rejeitou emenda do Senado ao Projeto de Lei (PL) 2.058\/21, de autoria do deputado\u00a0Tiago Dimas (SD-TO), que muda a\u00a0Lei 14.151\/21. Essa altera\u00e7\u00e3o garantiu o afastamento da gestante do trabalho presencial com remunera\u00e7\u00e3o integral durante a emerg\u00eancia de sa\u00fade p\u00fablica do novo coronav\u00edrus. Agora, exceto se o empregador optar por manter a trabalhadora em teletrabalho com a remunera\u00e7\u00e3o integral, a gestante dever\u00e1 retornar \u00e0 atividade presencial.<\/p>\n<p>Para Elaine Cutis, secret\u00e1ria da Mulher da Confedera\u00e7\u00e3o Nacional dos Trabalhadores do Ramo Financeiro (Contraf-CUT), &#8220;defender que a gr\u00e1vida fique em casa durante a pandemia \u00e9 n\u00e3o s\u00f3 defender a vida da trabalhadora como tamb\u00e9m defender a vida que ela est\u00e1 gestando. \u00c9 inadmiss\u00edvel que a mulher gr\u00e1vida, que fica t\u00e3o sens\u00edvel a uma s\u00e9rie de aspectos, tenha a sua vida colocada em risco\u201d.<\/p>\n<p>De acordo com a\u00a0<a href=\"https:\/\/www.camara.leg.br\/noticias\/851690-camara-aprova-novas-regras-sobre-trabalho-de-gestantes-na-pandemia\" target=\"_blank\" rel=\"noopener noreferrer\">relatora<\/a>\u00a0do novo projeto, a deputada Paula Belmonte (Cidadania-DF), o texto garante o afastamento enquanto n\u00e3o h\u00e1 a prote\u00e7\u00e3o da imuniza\u00e7\u00e3o e tamb\u00e9m resolve o problema do setor produtivo. \u201cQuando falamos do empres\u00e1rio, n\u00e3o \u00e9 o grande, e sim o pequeno, o microempres\u00e1rio que n\u00e3o tem condi\u00e7\u00f5es de fazer esse pagamento. V\u00e1rias mulheres querem retornar ao trabalho, pois muitas vezes elas t\u00eam uma perda salarial\u201d, afirmou.<\/p>\n<p>O projeto que permite a volta ao trabalho presencial de gestantes foi criticado por diversos parlamentares. A deputada Erika Kokay (PT-DF) foi contr\u00e1ria ao PL, juntamente com outras parlamentares de oposi\u00e7\u00e3o que tentaram obstruir a vota\u00e7\u00e3o nesta quarta-feira. \u201cEm vez de defender as mulheres, \u00e9 um projeto mis\u00f3gino, contra as mulheres. Nem aquelas com comorbidades\u00a0<a href=\"https:\/\/www.redebrasilatual.com.br\/saude-e-ciencia\/2020\/08\/gestantes-covid-19-brasil\/\" target=\"_blank\" rel=\"noopener noreferrer\">estar\u00e3o protegidas<\/a>\u201d, disse Erika.<\/p>\n<p>A deputada Perp\u00e9tua Almeida (PCdoB-AC) questionou o fato de parlamentares permanecerem trabalhando remotamente e as gestantes, n\u00e3o. \u201cFomos at\u00e9 a madrugada de hoje defendendo a lei das gr\u00e1vidas, que at\u00e9 aqui salvou muitas mulheres e seus beb\u00eas, ao garantir o afastamento delas do trabalho presencial nesses tempos de pandemia. Infelizmente, deputados e deputadas, sob orienta\u00e7\u00e3o do governo Bolsonaro, derrubaram trechos importantes da lei. \u00c9 sempre assim: quando a maldade \u00e9 muito grande, vota-se na calada da noite, madrugada \u00e0 dentro.\u201d<\/p>\n<p>O contraponto ao projeto que permite o retorno presencial de gestantes foi endossado pela deputada S\u00e2mia Bomfim (Psol-SP), que chamou a aprova\u00e7\u00e3o de \u201cnegacionismo da C\u00e2mara\u201d. \u201cCom o apoio de negacionistas, a C\u00e2mara aprovou ontem um PL que retira o direito das gestantes ao teletrabalho, mesmo neste momento cr\u00edtico da pandemia. Os mesmo que se dizem \u2018defensores da vida\u2019 colocam em risco mulheres que ainda n\u00e3o est\u00e3o com o esquema vacinal completo\u201d, disse em seu Twitter.<\/p>\n<p><strong><em>*Com informa\u00e7\u00f5es da Rede Brasil Atual e Contraf-CUT<\/em><\/strong><\/p>\n","protected":false},"excerpt":{"rendered":"<p>A C\u00e2mara dos Deputados aprovou, nessa quarta-feira (16), projeto que muda regras sobre o trabalho de gestantes\u00a0durante a pandemia, prevendo sua volta ao presencial. A proposta, que permite o afastamento apenas se a gestante n\u00e3o tiver sido totalmente imunizada, ser\u00e1 enviada \u00e0 san\u00e7\u00e3o presidencial. Na vota\u00e7\u00e3o, o plen\u00e1rio rejeitou emenda do Senado ao Projeto de [&hellip;]<\/p>\n","protected":false},"author":2,"featured_media":12176,"comment_status":"","ping_status":"","sticky":false,"template":"","format":"standard","meta":{"footnotes":""},"categories":[3],"tags":[],"class_list":["post-12177","post","type-post","status-publish","format-standard","has-post-thumbnail","hentry","category-noticias"],"_links":{"self":[{"href":"https:\/\/hostnetart.com.br\/baixada\/wp-json\/wp\/v2\/posts\/12177","targetHints":{"allow":["GET"]}}],"collection":[{"href":"https:\/\/hostnetart.com.br\/baixada\/wp-json\/wp\/v2\/posts"}],"about":[{"href":"https:\/\/hostnetart.com.br\/baixada\/wp-json\/wp\/v2\/types\/post"}],"author":[{"embeddable":true,"href":"https:\/\/hostnetart.com.br\/baixada\/wp-json\/wp\/v2\/users\/2"}],"replies":[{"embeddable":true,"href":"https:\/\/hostnetart.com.br\/baixada\/wp-json\/wp\/v2\/comments?post=12177"}],"version-history":[{"count":0,"href":"https:\/\/hostnetart.com.br\/baixada\/wp-json\/wp\/v2\/posts\/12177\/revisions"}],"wp:featuredmedia":[{"embeddable":true,"href":"https:\/\/hostnetart.com.br\/baixada\/wp-json\/wp\/v2\/media\/12176"}],"wp:attachment":[{"href":"https:\/\/hostnetart.com.br\/baixada\/wp-json\/wp\/v2\/media?parent=12177"}],"wp:term":[{"taxonomy":"category","embeddable":true,"href":"https:\/\/hostnetart.com.br\/baixada\/wp-json\/wp\/v2\/categories?post=12177"},{"taxonomy":"post_tag","embeddable":true,"href":"https:\/\/hostnetart.com.br\/baixada\/wp-json\/wp\/v2\/tags?post=12177"}],"curies":[{"name":"wp","href":"https:\/\/api.w.org\/{rel}","templated":true}]}}