{"id":12173,"date":"2022-02-17T17:34:21","date_gmt":"2022-02-17T20:34:21","guid":{"rendered":"https:\/\/hostnetart.com.br\/baixada\/conquista-do-movimento-forum-de-saude-e-condicoes-de-trabalho-da-caixa-volta-a-se-reunir-nesta-quinta-feira-17\/"},"modified":"2022-02-17T17:34:21","modified_gmt":"2022-02-17T20:34:21","slug":"conquista-do-movimento-forum-de-saude-e-condicoes-de-trabalho-da-caixa-volta-a-se-reunir-nesta-quinta-feira-17","status":"publish","type":"post","link":"https:\/\/hostnetart.com.br\/baixada\/conquista-do-movimento-forum-de-saude-e-condicoes-de-trabalho-da-caixa-volta-a-se-reunir-nesta-quinta-feira-17\/","title":{"rendered":"Conquista do movimento, F\u00f3rum de Sa\u00fade e Condi\u00e7\u00f5es de Trabalho da Caixa volta a se reunir nesta quinta-feira (17)"},"content":{"rendered":"<p>O F\u00f3rum Condi\u00e7\u00f5es de Trabalho entre dirigentes do movimento sindical e representantes da Gest\u00e3o de Pessoas (Gipes) da Caixa Econ\u00f4mica Federal volta a se reunir nesta quinta-feira (17). O tema das reuni\u00f5es encontro ser\u00e1 Covid-19. \u201cNa \u00faltima mesa de negocia\u00e7\u00e3o com a Caixa ficou definido que retomar\u00edamos esse espa\u00e7o para tratar especificamente, pelo menos por enquanto, da quest\u00e3o dos protocolos de sa\u00fade e seguran\u00e7a do banco contra a Covid-19 e Influenza\u201d, explicou Fabiana Uehara Proscholdt, coordenadora da Comiss\u00e3o Executiva dos Empregados (CEE) da Caixa e secret\u00e1ria da Cultura da Confedera\u00e7\u00e3o Nacional dos Trabalhadores do Ramo Financeiro (Contraf-CUT).<\/p>\n<p>A forma\u00e7\u00e3o do F\u00f3rum foi uma conquista da Campanha Nacional dos Banc\u00e1rios de 2013, com o objetivo de buscar medidas para prevenir e combater problemas relativos ao cumprimento da jornada de trabalho, ass\u00e9dio moral, cobran\u00e7a por metas abusivas e falta de estrutura das unidades. O F\u00f3rum tem previs\u00e3o de ocorrer uma vez por m\u00eas e funciona da seguinte forma: os empregados informam os casos espec\u00edficos ocorridos nos locais de trabalho \u2013 devem ser den\u00fancias concretas e n\u00e3o problemas gen\u00e9ricos \u2013 aos representantes dos trabalhadores que, por sua vez, os reportam \u00e0 Gipes e \u00e0s chefias das \u00e1reas. Depois de os dirigentes apresentarem os problemas, a Caixa tem 30 dias para trazer uma solu\u00e7\u00e3o.<\/p>\n<p>\u201cPor isso \u00e9 importante que os empregados denunciem os problemas relacionados \u00e0 sa\u00fade e condi\u00e7\u00f5es de trabalho aos seus sindicatos, para que possamos resolv\u00ea-los junto \u00e0s inst\u00e2ncias competentes da Caixa Econ\u00f4mica Federal\u201d, completou Fabiana.<\/p>\n<p><strong>Fonte: Contraf-CUT<\/strong><\/p>\n","protected":false},"excerpt":{"rendered":"<p>O F\u00f3rum Condi\u00e7\u00f5es de Trabalho entre dirigentes do movimento sindical e representantes da Gest\u00e3o de Pessoas (Gipes) da Caixa Econ\u00f4mica Federal volta a se reunir nesta quinta-feira (17). O tema das reuni\u00f5es encontro ser\u00e1 Covid-19. \u201cNa \u00faltima mesa de negocia\u00e7\u00e3o com a Caixa ficou definido que retomar\u00edamos esse espa\u00e7o para tratar especificamente, pelo menos por [&hellip;]<\/p>\n","protected":false},"author":2,"featured_media":12172,"comment_status":"","ping_status":"","sticky":false,"template":"","format":"standard","meta":{"footnotes":""},"categories":[3],"tags":[],"class_list":["post-12173","post","type-post","status-publish","format-standard","has-post-thumbnail","hentry","category-noticias"],"_links":{"self":[{"href":"https:\/\/hostnetart.com.br\/baixada\/wp-json\/wp\/v2\/posts\/12173","targetHints":{"allow":["GET"]}}],"collection":[{"href":"https:\/\/hostnetart.com.br\/baixada\/wp-json\/wp\/v2\/posts"}],"about":[{"href":"https:\/\/hostnetart.com.br\/baixada\/wp-json\/wp\/v2\/types\/post"}],"author":[{"embeddable":true,"href":"https:\/\/hostnetart.com.br\/baixada\/wp-json\/wp\/v2\/users\/2"}],"replies":[{"embeddable":true,"href":"https:\/\/hostnetart.com.br\/baixada\/wp-json\/wp\/v2\/comments?post=12173"}],"version-history":[{"count":0,"href":"https:\/\/hostnetart.com.br\/baixada\/wp-json\/wp\/v2\/posts\/12173\/revisions"}],"wp:featuredmedia":[{"embeddable":true,"href":"https:\/\/hostnetart.com.br\/baixada\/wp-json\/wp\/v2\/media\/12172"}],"wp:attachment":[{"href":"https:\/\/hostnetart.com.br\/baixada\/wp-json\/wp\/v2\/media?parent=12173"}],"wp:term":[{"taxonomy":"category","embeddable":true,"href":"https:\/\/hostnetart.com.br\/baixada\/wp-json\/wp\/v2\/categories?post=12173"},{"taxonomy":"post_tag","embeddable":true,"href":"https:\/\/hostnetart.com.br\/baixada\/wp-json\/wp\/v2\/tags?post=12173"}],"curies":[{"name":"wp","href":"https:\/\/api.w.org\/{rel}","templated":true}]}}