{"id":12169,"date":"2022-02-17T14:20:35","date_gmt":"2022-02-17T17:20:35","guid":{"rendered":"https:\/\/hostnetart.com.br\/baixada\/contratacao-de-pcds-e-bandeira-historica-do-movimento-sindical\/"},"modified":"2022-02-17T14:20:35","modified_gmt":"2022-02-17T17:20:35","slug":"contratacao-de-pcds-e-bandeira-historica-do-movimento-sindical","status":"publish","type":"post","link":"https:\/\/hostnetart.com.br\/baixada\/contratacao-de-pcds-e-bandeira-historica-do-movimento-sindical\/","title":{"rendered":"Contrata\u00e7\u00e3o de PCDs \u00e9 bandeira hist\u00f3rica do movimento sindical"},"content":{"rendered":"<p>A dissemina\u00e7\u00e3o de fake news e a pol\u00edtica de desinforma\u00e7\u00e3o, marcas registradas do atual governo federal \u2013 seguidas \u00e0 risca pelo seu fiel escudeiro Pedro Guimar\u00e3es, presidente da Caixa Econ\u00f4mica Federal \u2013, devem ser refor\u00e7adas em 2022. \u201cEles venceram a elei\u00e7\u00e3o assim e mantiveram a f\u00f3rmula em todos os anos da gest\u00e3o. Agora, ano eleitoral, com a n\u00edtida insatisfa\u00e7\u00e3o da popula\u00e7\u00e3o, demonstrada em todas pesquisas de inten\u00e7\u00e3o de voto, eles n\u00e3o v\u00e3o deixar barato. V\u00e3o inventar todo e qualquer tipo de mentira para tentar reverter este quadro. N\u00e3o podemos permitir, vamos combater com a verdade dos fatos\u201d, conclamou Fabiana Uehara Proscholdt, coordenadora da Comiss\u00e3o Executiva dos Empregados (CEE) da Caixa e secret\u00e1ria da Cultura da Confedera\u00e7\u00e3o Nacional dos Trabalhadores do Ramo Financeiro (Contraf-CUT).<\/p>\n<p>Um claro exemplo foi dado na \u00faltima sexta-feira (11), quando o presidente da Caixa inventou uma cerim\u00f4nia de entrega de crach\u00e1s aos novos funcion\u00e1rios admitidos a partir de um concurso exclusivo para pessoas com defici\u00eancia, para a participa\u00e7\u00e3o de Jair Bolsonaro. Com claro vi\u00e9s eleitoreiro, toda a farsa foi montada para encenar aquilo que Guimar\u00e3es batizou de \u201cpol\u00edtica do bem\u201d para pessoas que passaram a \u201cmaior parte da vida marginalizada\u201d.<\/p>\n<p>\u201cO que, de prop\u00f3sito, esqueceram de falar \u00e9 que esta \u00e9 uma bandeira hist\u00f3rica do movimento sindical, defendida bravamente por n\u00f3s, nos anos mais recentes\u201d, lembrou Fabiana, ao citar a\u00a0<a href=\"https:\/\/contrafcut.com.br\/noticias\/caixa-trt-julga-acao-de-contratacao-de-pcds\/?swcfpc=1\" target=\"_blank\" rel=\"noopener noreferrer\">A\u00e7\u00e3o Civil P\u00fablica (ACP) de 2019, que exigiu a contrata\u00e7\u00e3o de pessoas com defici\u00eancia (PCD) pelo banco p\u00fablico, para que atendesse a Lei 8.213\/91, que determina que, em empresas com mais de mil empregados, 5% do quadro funcional seja de pessoas com defici\u00eancia ou reabilitados. A Contraf-CUT foi parceira desta a\u00e7\u00e3o<\/a>.<\/p>\n<p>A ironia n\u00e3o para por a\u00ed. Depois de perder na Justi\u00e7a para os trabalhadores e ser obrigado a contratar os aprovados,\u00a0<a href=\"https:\/\/www.fenae.org.br\/portal\/fenae-portal\/caixa-recorre-da-decisao-de-contratar-pcd.htm\" target=\"_blank\" rel=\"noopener noreferrer\">Pedro Guimar\u00e3es tentou se autopromover<\/a>, enquanto mais uma vez passava por cima dos direitos trabalhistas, j\u00e1 que os novos empregados n\u00e3o tinham direito ao Sa\u00fade Caixa.<\/p>\n<p>Ao ser questionado sobre a situa\u00e7\u00e3o, em pronunciamento, o presidente da Caixa Econ\u00f4mica Federal zombou dos novos empregados ao dizer que \u201cnem ele tem plano de sa\u00fade pela Caixa\u201d. Pedro Guimar\u00e3es achou razo\u00e1vel comparar a sua situa\u00e7\u00e3o com a de trabalhadores que ganham um sal\u00e1rio muito inferior e v\u00eam sofrendo com o descaso do banco.<\/p>\n<p>A garantia do plano de sa\u00fade aos PCDs no Acordo Coletivo de Trabalho (ACT) s\u00f3 foi conquistada ap\u00f3s muita press\u00e3o dos empregados na mesa de negocia\u00e7\u00e3o. \u201cEmpregados estavam desassistidos mesmo em uma pandemia. Muitos deles, atuando na linha de frente do atendimento a mais de 120 milh\u00f5es de brasileiros para o pagamento do Aux\u00edlio Emergencial, do FGTS e de todos os outros benef\u00edcios sociais operacionalizados pelo banco p\u00fablico\u201d, lembrou Fabiana.<\/p>\n<p>Nesse per\u00edodo,\u00a0<a href=\"https:\/\/contrafcut.com.br\/noticias\/contraf-cut-vai-ao-ministerio-publico-do-trabalho-tratar-da-denuncia-de-pcd\/?swcfpc=1\" target=\"_blank\" rel=\"noopener noreferrer\">a Contraf-CUT tamb\u00e9m apresentou den\u00fancia ao Minist\u00e9rio P\u00fablico do Trabalho (MPT), ap\u00f3s receber v\u00e1rios relatos de funcion\u00e1rios contra a Caixa, por demiss\u00e3o de PCDs em per\u00edodo de experi\u00eancia<\/a>. Al\u00e9m das demiss\u00f5es injustas, os PCDs sofriam situa\u00e7\u00f5es humilhantes no ambiente de trabalho, conforme a coordenadora da CEE. \u201cO descaso da Caixa com a realidade dos trabalhadores PCDs tem feito cada vez mais v\u00edtimas. Os trabalhadores procuravam os sindicatos para denunciar suas viv\u00eancias de desrespeito dos colegas, ass\u00e9dio moral e humilha\u00e7\u00f5es constantes, por terem sido alocados sem as condi\u00e7\u00f5es m\u00ednimas de acessibilidade, em ag\u00eancias e fun\u00e7\u00f5es n\u00e3o condizentes com suas realidades. A hist\u00f3ria \u00e9 sempre a mesma. O banco n\u00e3o tem nenhuma preocupa\u00e7\u00e3o nem em ambientar estes trabalhadores e nem em aloca-los em fun\u00e7\u00f5es em locais de trabalhos adequados ao tipo de defici\u00eancia que t\u00eam\u201d, completou.<\/p>\n<p><strong>Fonte: Contraf-CUT\u00a0<\/strong><\/p>\n","protected":false},"excerpt":{"rendered":"<p>A dissemina\u00e7\u00e3o de fake news e a pol\u00edtica de desinforma\u00e7\u00e3o, marcas registradas do atual governo federal \u2013 seguidas \u00e0 risca pelo seu fiel escudeiro Pedro Guimar\u00e3es, presidente da Caixa Econ\u00f4mica Federal \u2013, devem ser refor\u00e7adas em 2022. \u201cEles venceram a elei\u00e7\u00e3o assim e mantiveram a f\u00f3rmula em todos os anos da gest\u00e3o. Agora, ano eleitoral, [&hellip;]<\/p>\n","protected":false},"author":2,"featured_media":12168,"comment_status":"","ping_status":"","sticky":false,"template":"","format":"standard","meta":{"footnotes":""},"categories":[3],"tags":[],"class_list":["post-12169","post","type-post","status-publish","format-standard","has-post-thumbnail","hentry","category-noticias"],"_links":{"self":[{"href":"https:\/\/hostnetart.com.br\/baixada\/wp-json\/wp\/v2\/posts\/12169","targetHints":{"allow":["GET"]}}],"collection":[{"href":"https:\/\/hostnetart.com.br\/baixada\/wp-json\/wp\/v2\/posts"}],"about":[{"href":"https:\/\/hostnetart.com.br\/baixada\/wp-json\/wp\/v2\/types\/post"}],"author":[{"embeddable":true,"href":"https:\/\/hostnetart.com.br\/baixada\/wp-json\/wp\/v2\/users\/2"}],"replies":[{"embeddable":true,"href":"https:\/\/hostnetart.com.br\/baixada\/wp-json\/wp\/v2\/comments?post=12169"}],"version-history":[{"count":0,"href":"https:\/\/hostnetart.com.br\/baixada\/wp-json\/wp\/v2\/posts\/12169\/revisions"}],"wp:featuredmedia":[{"embeddable":true,"href":"https:\/\/hostnetart.com.br\/baixada\/wp-json\/wp\/v2\/media\/12168"}],"wp:attachment":[{"href":"https:\/\/hostnetart.com.br\/baixada\/wp-json\/wp\/v2\/media?parent=12169"}],"wp:term":[{"taxonomy":"category","embeddable":true,"href":"https:\/\/hostnetart.com.br\/baixada\/wp-json\/wp\/v2\/categories?post=12169"},{"taxonomy":"post_tag","embeddable":true,"href":"https:\/\/hostnetart.com.br\/baixada\/wp-json\/wp\/v2\/tags?post=12169"}],"curies":[{"name":"wp","href":"https:\/\/api.w.org\/{rel}","templated":true}]}}