{"id":12167,"date":"2022-02-17T14:17:26","date_gmt":"2022-02-17T17:17:26","guid":{"rendered":"https:\/\/hostnetart.com.br\/baixada\/mercantil-do-brasil-vai-pagar-plr-nesta-sexta-feira-18\/"},"modified":"2022-02-17T14:17:26","modified_gmt":"2022-02-17T17:17:26","slug":"mercantil-do-brasil-vai-pagar-plr-nesta-sexta-feira-18","status":"publish","type":"post","link":"https:\/\/hostnetart.com.br\/baixada\/mercantil-do-brasil-vai-pagar-plr-nesta-sexta-feira-18\/","title":{"rendered":"Mercantil do Brasil vai pagar PLR nesta sexta-feira (18)"},"content":{"rendered":"<p>O Banco Mercantil do Brasil atendeu \u00e0 solicita\u00e7\u00e3o da Confedera\u00e7\u00e3o Nacional dos Trabalhadores do Ramo Financeiro (Contraf-CUT), federa\u00e7\u00f5es e sindicatos e vai antecipar o pagamento da segunda parcela da Participa\u00e7\u00e3o nos Lucros e Resultados (PLR)\u00a0para esta sexta-feira (18).\u00a0<\/p>\n<p>De acordo com a Conven\u00e7\u00e3o Coletiva de Trabalho (CCT) da categoria banc\u00e1ria, o pagamento poderia ser realizado at\u00e9 o dia 1\u00ba de mar\u00e7o.<\/p>\n<p><strong>Fonte: Contraf-CUT<\/strong><\/p>\n","protected":false},"excerpt":{"rendered":"<p>O Banco Mercantil do Brasil atendeu \u00e0 solicita\u00e7\u00e3o da Confedera\u00e7\u00e3o Nacional dos Trabalhadores do Ramo Financeiro (Contraf-CUT), federa\u00e7\u00f5es e sindicatos e vai antecipar o pagamento da segunda parcela da Participa\u00e7\u00e3o nos Lucros e Resultados (PLR)\u00a0para esta sexta-feira (18).\u00a0 De acordo com a Conven\u00e7\u00e3o Coletiva de Trabalho (CCT) da categoria banc\u00e1ria, o pagamento poderia ser realizado [&hellip;]<\/p>\n","protected":false},"author":2,"featured_media":12166,"comment_status":"","ping_status":"","sticky":false,"template":"","format":"standard","meta":{"footnotes":""},"categories":[3],"tags":[],"class_list":["post-12167","post","type-post","status-publish","format-standard","has-post-thumbnail","hentry","category-noticias"],"_links":{"self":[{"href":"https:\/\/hostnetart.com.br\/baixada\/wp-json\/wp\/v2\/posts\/12167","targetHints":{"allow":["GET"]}}],"collection":[{"href":"https:\/\/hostnetart.com.br\/baixada\/wp-json\/wp\/v2\/posts"}],"about":[{"href":"https:\/\/hostnetart.com.br\/baixada\/wp-json\/wp\/v2\/types\/post"}],"author":[{"embeddable":true,"href":"https:\/\/hostnetart.com.br\/baixada\/wp-json\/wp\/v2\/users\/2"}],"replies":[{"embeddable":true,"href":"https:\/\/hostnetart.com.br\/baixada\/wp-json\/wp\/v2\/comments?post=12167"}],"version-history":[{"count":0,"href":"https:\/\/hostnetart.com.br\/baixada\/wp-json\/wp\/v2\/posts\/12167\/revisions"}],"wp:featuredmedia":[{"embeddable":true,"href":"https:\/\/hostnetart.com.br\/baixada\/wp-json\/wp\/v2\/media\/12166"}],"wp:attachment":[{"href":"https:\/\/hostnetart.com.br\/baixada\/wp-json\/wp\/v2\/media?parent=12167"}],"wp:term":[{"taxonomy":"category","embeddable":true,"href":"https:\/\/hostnetart.com.br\/baixada\/wp-json\/wp\/v2\/categories?post=12167"},{"taxonomy":"post_tag","embeddable":true,"href":"https:\/\/hostnetart.com.br\/baixada\/wp-json\/wp\/v2\/tags?post=12167"}],"curies":[{"name":"wp","href":"https:\/\/api.w.org\/{rel}","templated":true}]}}