{"id":12163,"date":"2022-02-17T13:44:17","date_gmt":"2022-02-17T16:44:17","guid":{"rendered":"https:\/\/hostnetart.com.br\/baixada\/coe-cobra-do-itau-novo-modelo-de-negociacoes\/"},"modified":"2022-02-17T13:44:17","modified_gmt":"2022-02-17T16:44:17","slug":"coe-cobra-do-itau-novo-modelo-de-negociacoes","status":"publish","type":"post","link":"https:\/\/hostnetart.com.br\/baixada\/coe-cobra-do-itau-novo-modelo-de-negociacoes\/","title":{"rendered":"COE cobra do Ita\u00fa novo modelo de negocia\u00e7\u00f5es"},"content":{"rendered":"<p>A Comiss\u00e3o de Organiza\u00e7\u00e3o dos Empregados (COE) do Ita\u00fa aproveitou a primeira reuni\u00e3o de 2022 com a diretoria do banco, na tarde desta quarta-feira (16), para cobrar solu\u00e7\u00f5es para as reivindica\u00e7\u00f5es apresentadas no \u00faltimo ano, como mudan\u00e7as no programa de remunera\u00e7\u00e3o vari\u00e1vel, GERA; o alto \u00edndice de demiss\u00f5es, inclusive entre pessoas com defici\u00eancia (PCDs); banco de horas negativas; aumento de casos de Covid-19, com volta do crescimento do n\u00famero de mortos; aumento do ass\u00e9dio moral e fechamento de ag\u00eancias.<\/p>\n<p>\u201cChegamos \u00e0 conclus\u00e3o de que este modelo de negocia\u00e7\u00e3o n\u00e3o est\u00e1 sendo efetivo, por isso, sugerimos um novo formato, com uma pauta \u00fanica e a obrigatoriedade de encaminhamento para a solu\u00e7\u00e3o no pr\u00f3prio encontro\u201d, explicou Jair Alves, coordenador da COE Ita\u00fa. \u201cO banco concordou e j\u00e1 definimos as pautas dos dois pr\u00f3ximos encontros\u201d, completou, ao informar que a pauta da reuni\u00e3o agendada para o dia 9 de mar\u00e7o \u00e9 banco de horas negativo. No dia 16 de mar\u00e7o ser\u00e1 debatido remunera\u00e7\u00e3o.<\/p>\n<h3>Banco de horas negativas<\/h3>\n<p>O acordo do modelo de compensa\u00e7\u00e3o do banco de horas negativas, negociado pela COE e aprovado pelos trabalhadores no in\u00edcio de 2021, garantiu aos banc\u00e1rios um per\u00edodo de 18 meses, a partir do m\u00eas de mar\u00e7o, com o limite de duas horas por dia, para compensar as horas negativas. \u201cEst\u00e1 chegando o prazo final de compensa\u00e7\u00e3o, que \u00e9 agosto, precisamos iniciar a negocia\u00e7\u00e3o para a amplia\u00e7\u00e3o deste prazo, pois muitos trabalhadores n\u00e3o estou conseguindo compensar\u201d, Valeska Pincovai, representante do Sindicato dos Banc\u00e1rios de S\u00e3o Paulo, na COE Ita\u00fa.<\/p>\n<p>O acordo de banco de horas negativo foi negociado para garantir os direitos dos trabalhadores que foram afastados ou em regime de rod\u00edzio nas ag\u00eancias, por conta da pandemia de coronav\u00edrus.<\/p>\n<h3>Remunera\u00e7\u00e3o<\/h3>\n<p>As altera\u00e7\u00f5es feitas no programa de remunera\u00e7\u00e3o vari\u00e1vel, GERA, para 2022 tem causado bastante reclama\u00e7\u00e3o entre os trabalhadores, que denunciam que a press\u00e3o aumentou, as metas est\u00e3o muito dif\u00edceis de ser alcan\u00e7adas e, por isso, est\u00e3o recebendo menos.<\/p>\n<h3>Ag\u00eancias<\/h3>\n<p>O movimento sindical apontou que, no balan\u00e7o divulgado pelo banco na semana passada, conta apenas 15 agencias fechadas. Pelo levantamento dos sindicatos de banc\u00e1rios de todos o Brasil, este n\u00famero \u00e9, no m\u00ednimo, o triplo. O banco ficou de estudar o desencontro dos n\u00fameros e dar um retorno.<\/p>\n<h3>PDV<\/h3>\n<p>O Ita\u00fa anunciou nesta quinta-feira (17) a abertura de Programa de Desligamento Volunt\u00e1rio (PDV). Nos pr\u00f3ximos dias, o banco divulgar\u00e1 as regras de elegibilidade ao PDV e o que \u00e9 oferecido aos trabalhadores que aderirem ao programa.<\/p>\n<p><strong>Fonte: Contraf-CUT\u00a0<\/strong><\/p>\n","protected":false},"excerpt":{"rendered":"<p>A Comiss\u00e3o de Organiza\u00e7\u00e3o dos Empregados (COE) do Ita\u00fa aproveitou a primeira reuni\u00e3o de 2022 com a diretoria do banco, na tarde desta quarta-feira (16), para cobrar solu\u00e7\u00f5es para as reivindica\u00e7\u00f5es apresentadas no \u00faltimo ano, como mudan\u00e7as no programa de remunera\u00e7\u00e3o vari\u00e1vel, GERA; o alto \u00edndice de demiss\u00f5es, inclusive entre pessoas com defici\u00eancia (PCDs); banco [&hellip;]<\/p>\n","protected":false},"author":2,"featured_media":12162,"comment_status":"","ping_status":"","sticky":false,"template":"","format":"standard","meta":{"footnotes":""},"categories":[3],"tags":[],"class_list":["post-12163","post","type-post","status-publish","format-standard","has-post-thumbnail","hentry","category-noticias"],"_links":{"self":[{"href":"https:\/\/hostnetart.com.br\/baixada\/wp-json\/wp\/v2\/posts\/12163","targetHints":{"allow":["GET"]}}],"collection":[{"href":"https:\/\/hostnetart.com.br\/baixada\/wp-json\/wp\/v2\/posts"}],"about":[{"href":"https:\/\/hostnetart.com.br\/baixada\/wp-json\/wp\/v2\/types\/post"}],"author":[{"embeddable":true,"href":"https:\/\/hostnetart.com.br\/baixada\/wp-json\/wp\/v2\/users\/2"}],"replies":[{"embeddable":true,"href":"https:\/\/hostnetart.com.br\/baixada\/wp-json\/wp\/v2\/comments?post=12163"}],"version-history":[{"count":0,"href":"https:\/\/hostnetart.com.br\/baixada\/wp-json\/wp\/v2\/posts\/12163\/revisions"}],"wp:featuredmedia":[{"embeddable":true,"href":"https:\/\/hostnetart.com.br\/baixada\/wp-json\/wp\/v2\/media\/12162"}],"wp:attachment":[{"href":"https:\/\/hostnetart.com.br\/baixada\/wp-json\/wp\/v2\/media?parent=12163"}],"wp:term":[{"taxonomy":"category","embeddable":true,"href":"https:\/\/hostnetart.com.br\/baixada\/wp-json\/wp\/v2\/categories?post=12163"},{"taxonomy":"post_tag","embeddable":true,"href":"https:\/\/hostnetart.com.br\/baixada\/wp-json\/wp\/v2\/tags?post=12163"}],"curies":[{"name":"wp","href":"https:\/\/api.w.org\/{rel}","templated":true}]}}