{"id":12151,"date":"2022-02-15T14:10:38","date_gmt":"2022-02-15T17:10:38","guid":{"rendered":"https:\/\/hostnetart.com.br\/baixada\/banco-mercantil-do-brasil-garante-que-nao-havera-demissoes-em-massa\/"},"modified":"2022-02-15T14:10:38","modified_gmt":"2022-02-15T17:10:38","slug":"banco-mercantil-do-brasil-garante-que-nao-havera-demissoes-em-massa","status":"publish","type":"post","link":"https:\/\/hostnetart.com.br\/baixada\/banco-mercantil-do-brasil-garante-que-nao-havera-demissoes-em-massa\/","title":{"rendered":"Banco Mercantil do Brasil garante que n\u00e3o haver\u00e1 demiss\u00f5es em massa"},"content":{"rendered":"<p>Depois de questionamento da Comiss\u00e3o de Organiza\u00e7\u00e3o dos Empregados (COE\/BMB), o Banco Mercantil do Brasil garante que n\u00e3o haver\u00e1 demiss\u00f5es em massa por causa da transforma\u00e7\u00e3o de ag\u00eancias em Postos de Atendimento. Funcion\u00e1rios, clientes e usu\u00e1rios do Banco Mercantil do Brasil foram surpreendidos, na \u00faltima sexta-feira (10), com cartazes afixados nas unidades banc\u00e1rias, com o an\u00fancio de transforma\u00e7\u00e3o de ag\u00eancias em Postos de Atendimento Avan\u00e7ado. As mudan\u00e7as v\u00e3o valer a partir do dia 14 de mar\u00e7o de 2022. As unidades atingidas pelas transforma\u00e7\u00f5es ser\u00e3o Juiz de Fora e Divin\u00f3polis, em Minas Gerais, e Araras, Limeira, Campinas e Bragan\u00e7a, em S\u00e3o Paulo.<\/p>\n<p>\u201cOs trabalhadores e os sindicatos est\u00e3o alertas e mobilizados para cobrar da dire\u00e7\u00e3o do Mercantil do Brasil que mantenha a sua palavra de que a transforma\u00e7\u00e3o de ag\u00eancias em PAAs n\u00e3o acarretar\u00e1 em demiss\u00f5es em massa de pais e m\u00e3es de fam\u00edlia, o que, consequentemente, poderia impactar negativamente o atendimento aos milhares de clientes e usu\u00e1rios, que diariamente necessitam de ajuda dos funcion\u00e1rios nas transa\u00e7\u00f5es banc\u00e1rias nas ag\u00eancias\u201d, garantiu Marco Aur\u00e9lio Alves, coordenador Nacional da Comiss\u00e3o de Organiza\u00e7\u00e3o dos Empregados do Banco (COEBMB).<\/p>\n<p>A COE\/BMB tamb\u00e9m denunciou \u00e0 dire\u00e7\u00e3o do banco que os funcion\u00e1rios das ag\u00eancias do Mercantil do Brasil est\u00e3o sendo obrigados a cobrir hor\u00e1rio de almo\u00e7o dos vigilantes e a controlar acesso de porta girat\u00f3ria, desviando totalmente sua fun\u00e7\u00e3o banc\u00e1ria, o que \u00e9 proibido por lei. A Comiss\u00e3o aguarda pronunciamento oficial do banco sobre a regulariza\u00e7\u00e3o e volta dos vigilantes para cobrir a demanda nesse hor\u00e1rio.<\/p>\n<p><strong>Fonte: Sindicato dos Banc\u00e1rios de BH e Regi\u00e3o<\/strong><\/p>\n","protected":false},"excerpt":{"rendered":"<p>Depois de questionamento da Comiss\u00e3o de Organiza\u00e7\u00e3o dos Empregados (COE\/BMB), o Banco Mercantil do Brasil garante que n\u00e3o haver\u00e1 demiss\u00f5es em massa por causa da transforma\u00e7\u00e3o de ag\u00eancias em Postos de Atendimento. Funcion\u00e1rios, clientes e usu\u00e1rios do Banco Mercantil do Brasil foram surpreendidos, na \u00faltima sexta-feira (10), com cartazes afixados nas unidades banc\u00e1rias, com o [&hellip;]<\/p>\n","protected":false},"author":2,"featured_media":12150,"comment_status":"","ping_status":"","sticky":false,"template":"","format":"standard","meta":{"footnotes":""},"categories":[3],"tags":[],"class_list":["post-12151","post","type-post","status-publish","format-standard","has-post-thumbnail","hentry","category-noticias"],"_links":{"self":[{"href":"https:\/\/hostnetart.com.br\/baixada\/wp-json\/wp\/v2\/posts\/12151","targetHints":{"allow":["GET"]}}],"collection":[{"href":"https:\/\/hostnetart.com.br\/baixada\/wp-json\/wp\/v2\/posts"}],"about":[{"href":"https:\/\/hostnetart.com.br\/baixada\/wp-json\/wp\/v2\/types\/post"}],"author":[{"embeddable":true,"href":"https:\/\/hostnetart.com.br\/baixada\/wp-json\/wp\/v2\/users\/2"}],"replies":[{"embeddable":true,"href":"https:\/\/hostnetart.com.br\/baixada\/wp-json\/wp\/v2\/comments?post=12151"}],"version-history":[{"count":0,"href":"https:\/\/hostnetart.com.br\/baixada\/wp-json\/wp\/v2\/posts\/12151\/revisions"}],"wp:featuredmedia":[{"embeddable":true,"href":"https:\/\/hostnetart.com.br\/baixada\/wp-json\/wp\/v2\/media\/12150"}],"wp:attachment":[{"href":"https:\/\/hostnetart.com.br\/baixada\/wp-json\/wp\/v2\/media?parent=12151"}],"wp:term":[{"taxonomy":"category","embeddable":true,"href":"https:\/\/hostnetart.com.br\/baixada\/wp-json\/wp\/v2\/categories?post=12151"},{"taxonomy":"post_tag","embeddable":true,"href":"https:\/\/hostnetart.com.br\/baixada\/wp-json\/wp\/v2\/tags?post=12151"}],"curies":[{"name":"wp","href":"https:\/\/api.w.org\/{rel}","templated":true}]}}