{"id":12147,"date":"2022-02-14T16:16:33","date_gmt":"2022-02-14T19:16:33","guid":{"rendered":"https:\/\/hostnetart.com.br\/baixada\/eleicoes-do-conselho-de-administracao-da-caixa-comecam-nesta-segunda-14\/"},"modified":"2022-02-14T16:16:33","modified_gmt":"2022-02-14T19:16:33","slug":"eleicoes-do-conselho-de-administracao-da-caixa-comecam-nesta-segunda-14","status":"publish","type":"post","link":"https:\/\/hostnetart.com.br\/baixada\/eleicoes-do-conselho-de-administracao-da-caixa-comecam-nesta-segunda-14\/","title":{"rendered":"Elei\u00e7\u00f5es do Conselho de Administra\u00e7\u00e3o da Caixa come\u00e7am nesta segunda (14)"},"content":{"rendered":"<div class=\"cxmmr5t8 oygrvhab hcukyx3x c1et5uql o9v6fnle ii04i59q\">\n<div dir=\"auto\">De 14 a 17 de fevereiro estar\u00e1 dispon\u00edvel o site <a class=\"oajrlxb2 g5ia77u1 qu0x051f esr5mh6w e9989ue4 r7d6kgcz rq0escxv nhd2j8a9 nc684nl6 p7hjln8o kvgmc6g5 cxmmr5t8 oygrvhab hcukyx3x jb3vyjys rz4wbd8a qt6c0cv9 a8nywdso i1ao9s8h esuyzwwr f1sip0of lzcic4wl gpro0wi8 py34i1dx\" tabindex=\"0\" href=\"https:\/\/eleicaoca.caixa.gov.br\/siele\/?fbclid=IwAR1BIBma06Dkd8p_yOIYZ6H7XU-Q70_hPpYSzohA_Fu7tC_P--46TAt39A8\" target=\"_blank\" rel=\"nofollow noopener noreferrer\">https:\/\/eleicaoca.caixa.gov.br\/siele\/<\/a>\u00a0para a escolha do representante dos empregados no Conselho de Administra\u00e7\u00e3o (CA) da Caixa.<\/div>\n<div dir=\"auto\">\u00a0<\/div>\n<\/div>\n<div class=\"cxmmr5t8 oygrvhab hcukyx3x c1et5uql o9v6fnle ii04i59q\">\n<div dir=\"auto\">A vota\u00e7\u00e3o ser\u00e1 pela internet, e todos os empregados ativos podem participar.<\/div>\n<div dir=\"auto\">\u00a0<\/div>\n<\/div>\n<div class=\"cxmmr5t8 oygrvhab hcukyx3x c1et5uql o9v6fnle ii04i59q\">\n<div dir=\"auto\">O <a class=\"oajrlxb2 g5ia77u1 qu0x051f esr5mh6w e9989ue4 r7d6kgcz rq0escxv nhd2j8a9 nc684nl6 p7hjln8o kvgmc6g5 cxmmr5t8 oygrvhab hcukyx3x jb3vyjys rz4wbd8a qt6c0cv9 a8nywdso i1ao9s8h esuyzwwr f1sip0of lzcic4wl gpro0wi8 q66pz984 b1v8xokw\" tabindex=\"0\" href=\"https:\/\/www.facebook.com\/sindbaixada?__cft__[0]=AZUy3JgSSpP2O--BIoQwgyF4T6Cp-wdPYhzoUqvWuF5NaWG8xGl102zu-bRBb3lR8KgEwbpyx67TX1gbJkjazbiUfnusi8PgE28TVCmDJI1TCRZhOpSJCr2NWEF0csoaYJbqcgWxqdegN3UDayX_F6V9&amp;__tn__=-]K-R\"><span class=\"nc684nl6\">Sindicato dos Banc\u00e1rios da Baixada Fluminense<\/span><\/a> apoia a candidatura de <a class=\"oajrlxb2 g5ia77u1 qu0x051f esr5mh6w e9989ue4 r7d6kgcz rq0escxv nhd2j8a9 nc684nl6 p7hjln8o kvgmc6g5 cxmmr5t8 oygrvhab hcukyx3x jb3vyjys rz4wbd8a qt6c0cv9 a8nywdso i1ao9s8h esuyzwwr f1sip0of lzcic4wl gpro0wi8 q66pz984 b1v8xokw\" tabindex=\"0\" href=\"https:\/\/www.facebook.com\/ritaserranoca?__cft__[0]=AZUy3JgSSpP2O--BIoQwgyF4T6Cp-wdPYhzoUqvWuF5NaWG8xGl102zu-bRBb3lR8KgEwbpyx67TX1gbJkjazbiUfnusi8PgE28TVCmDJI1TCRZhOpSJCr2NWEF0csoaYJbqcgWxqdegN3UDayX_F6V9&amp;__tn__=-]K-R\"><span class=\"nc684nl6\">CA Rita Serrano<\/span><\/a>.<\/div>\n<div dir=\"auto\">\u00a0<\/div>\n<\/div>\n<div class=\"cxmmr5t8 oygrvhab hcukyx3x c1et5uql o9v6fnle ii04i59q\">\n<div dir=\"auto\">O pleito ocorre das 8 horas do dia 14 de fevereiro at\u00e9 as 19 horas do dia 17 de fevereiro (hor\u00e1rio de Bras\u00edlia).<\/div>\n<div dir=\"auto\">\u00a0<\/div>\n<\/div>\n<div class=\"cxmmr5t8 oygrvhab hcukyx3x c1et5uql o9v6fnle ii04i59q\">\n<div dir=\"auto\">Siga o passo a passo e saiba como votar.<\/div>\n<\/div>\n","protected":false},"excerpt":{"rendered":"<p>De 14 a 17 de fevereiro estar\u00e1 dispon\u00edvel o site https:\/\/eleicaoca.caixa.gov.br\/siele\/\u00a0para a escolha do representante dos empregados no Conselho de Administra\u00e7\u00e3o (CA) da Caixa. \u00a0 A vota\u00e7\u00e3o ser\u00e1 pela internet, e todos os empregados ativos podem participar. \u00a0 O Sindicato dos Banc\u00e1rios da Baixada Fluminense apoia a candidatura de CA Rita Serrano. \u00a0 O pleito [&hellip;]<\/p>\n","protected":false},"author":2,"featured_media":12146,"comment_status":"","ping_status":"","sticky":false,"template":"","format":"standard","meta":{"footnotes":""},"categories":[3],"tags":[],"class_list":["post-12147","post","type-post","status-publish","format-standard","has-post-thumbnail","hentry","category-noticias"],"_links":{"self":[{"href":"https:\/\/hostnetart.com.br\/baixada\/wp-json\/wp\/v2\/posts\/12147","targetHints":{"allow":["GET"]}}],"collection":[{"href":"https:\/\/hostnetart.com.br\/baixada\/wp-json\/wp\/v2\/posts"}],"about":[{"href":"https:\/\/hostnetart.com.br\/baixada\/wp-json\/wp\/v2\/types\/post"}],"author":[{"embeddable":true,"href":"https:\/\/hostnetart.com.br\/baixada\/wp-json\/wp\/v2\/users\/2"}],"replies":[{"embeddable":true,"href":"https:\/\/hostnetart.com.br\/baixada\/wp-json\/wp\/v2\/comments?post=12147"}],"version-history":[{"count":0,"href":"https:\/\/hostnetart.com.br\/baixada\/wp-json\/wp\/v2\/posts\/12147\/revisions"}],"wp:featuredmedia":[{"embeddable":true,"href":"https:\/\/hostnetart.com.br\/baixada\/wp-json\/wp\/v2\/media\/12146"}],"wp:attachment":[{"href":"https:\/\/hostnetart.com.br\/baixada\/wp-json\/wp\/v2\/media?parent=12147"}],"wp:term":[{"taxonomy":"category","embeddable":true,"href":"https:\/\/hostnetart.com.br\/baixada\/wp-json\/wp\/v2\/categories?post=12147"},{"taxonomy":"post_tag","embeddable":true,"href":"https:\/\/hostnetart.com.br\/baixada\/wp-json\/wp\/v2\/tags?post=12147"}],"curies":[{"name":"wp","href":"https:\/\/api.w.org\/{rel}","templated":true}]}}