{"id":12143,"date":"2022-02-10T17:37:16","date_gmt":"2022-02-10T20:37:16","guid":{"rendered":"https:\/\/hostnetart.com.br\/baixada\/coe-cobra-do-bradesco-medidas-mais-rigorosas-contra-covid-19\/"},"modified":"2022-02-10T17:37:16","modified_gmt":"2022-02-10T20:37:16","slug":"coe-cobra-do-bradesco-medidas-mais-rigorosas-contra-covid-19","status":"publish","type":"post","link":"https:\/\/hostnetart.com.br\/baixada\/coe-cobra-do-bradesco-medidas-mais-rigorosas-contra-covid-19\/","title":{"rendered":"COE cobra do Bradesco medidas mais rigorosas contra Covid-19"},"content":{"rendered":"<p>A Comiss\u00e3o de Organiza\u00e7\u00e3o dos Empregados (COE) do Bradesco cobrou, da entidade, mais rigor no protocolo de seguran\u00e7a sanit\u00e1ria para garantir a sa\u00fade e a vida da categoria, al\u00e9m de reduzir a propaga\u00e7\u00e3o e o cont\u00e1gio da popula\u00e7\u00e3o pelo v\u00edrus da Covid-19 e suas variantes. A representa\u00e7\u00e3o dos trabalhadores tamb\u00e9m solicitou a suspens\u00e3o de visitas a clientes neste momento de alta de casos de infec\u00e7\u00e3o; o controle de acesso \u00e0s ag\u00eancias banc\u00e1rias, para garantir o distanciamento dos clientes e funcion\u00e1rios; o fornecimento de m\u00e1scaras N95, que s\u00e3o compat\u00edveis com o alto \u00edndice de cont\u00e1gio; e a testagem de todos os trabalhadores da ag\u00eancia, banc\u00e1rios e terceirizados.<\/p>\n<p>A coordenadora da COE Bradesco, Magaly Fagundes, lembrou que a pandemia n\u00e3o acabou. \u201cPrecisamos manter a aten\u00e7\u00e3o nos protocolos obtidos gra\u00e7as \u00e0 atua\u00e7\u00e3o do movimento sindical. Por isso, cobramos do banco mais rigor nas medidas de seguran\u00e7a para garantir a sa\u00fade e a vida dos banc\u00e1rios e clientes, al\u00e9m de evitar a dissemina\u00e7\u00e3o da doen\u00e7a para a sociedade.\u201d<\/p>\n<p>A COE Bradesco cobra ainda o cumprimento do protocolo de afastamento e o fechamento de ag\u00eancias e a sanitiza\u00e7\u00e3o adequada em casos de contamina\u00e7\u00e3o de banc\u00e1rios e terceirizados.<\/p>\n<p>O banco informou que medidas est\u00e3o sendo revistas \u2013 como o processo de sanitiza\u00e7\u00e3o, que est\u00e1 mais c\u00e9lere, devido \u00e0 utiliza\u00e7\u00e3o de um novo produto que permite a abertura da ag\u00eancia 45 minutos ap\u00f3s sua aplica\u00e7\u00e3o \u2013 e firmou o compromisso de responder \u00e0s demandas apresentadas. O Bradesco se comprometeu tamb\u00e9m a refor\u00e7ar a import\u00e2ncia com a aten\u00e7\u00e3o aos protocolos a todos os funcion\u00e1rios do banco.<\/p>\n<h3>Grupo de risco<\/h3>\n<p>O Bradesco solicitou o in\u00edcio das tratativas para o retorno ao trabalho presencial do grupo de risco. O movimento sindical conquistou a manuten\u00e7\u00e3o do grupo de risco em home office at\u00e9 a primeira semana de mar\u00e7o. O banco assumiu o compromisso de se reunir com os representantes\u00a0\u00a0\u00a0\u00a0\u00a0 dos trabalhadores, ap\u00f3s o carnaval, para negociar o tema.<\/p>\n<p>A COE voltou a reivindicar tamb\u00e9m o acordo de teletrabalho, que at\u00e9 o momento n\u00e3o foi aplicado pelo Bradesco.<\/p>\n<p><strong>Fonte: Contraf-CUT<\/strong><\/p>\n","protected":false},"excerpt":{"rendered":"<p>A Comiss\u00e3o de Organiza\u00e7\u00e3o dos Empregados (COE) do Bradesco cobrou, da entidade, mais rigor no protocolo de seguran\u00e7a sanit\u00e1ria para garantir a sa\u00fade e a vida da categoria, al\u00e9m de reduzir a propaga\u00e7\u00e3o e o cont\u00e1gio da popula\u00e7\u00e3o pelo v\u00edrus da Covid-19 e suas variantes. A representa\u00e7\u00e3o dos trabalhadores tamb\u00e9m solicitou a suspens\u00e3o de visitas [&hellip;]<\/p>\n","protected":false},"author":2,"featured_media":12142,"comment_status":"","ping_status":"","sticky":false,"template":"","format":"standard","meta":{"footnotes":""},"categories":[3],"tags":[],"class_list":["post-12143","post","type-post","status-publish","format-standard","has-post-thumbnail","hentry","category-noticias"],"_links":{"self":[{"href":"https:\/\/hostnetart.com.br\/baixada\/wp-json\/wp\/v2\/posts\/12143","targetHints":{"allow":["GET"]}}],"collection":[{"href":"https:\/\/hostnetart.com.br\/baixada\/wp-json\/wp\/v2\/posts"}],"about":[{"href":"https:\/\/hostnetart.com.br\/baixada\/wp-json\/wp\/v2\/types\/post"}],"author":[{"embeddable":true,"href":"https:\/\/hostnetart.com.br\/baixada\/wp-json\/wp\/v2\/users\/2"}],"replies":[{"embeddable":true,"href":"https:\/\/hostnetart.com.br\/baixada\/wp-json\/wp\/v2\/comments?post=12143"}],"version-history":[{"count":0,"href":"https:\/\/hostnetart.com.br\/baixada\/wp-json\/wp\/v2\/posts\/12143\/revisions"}],"wp:featuredmedia":[{"embeddable":true,"href":"https:\/\/hostnetart.com.br\/baixada\/wp-json\/wp\/v2\/media\/12142"}],"wp:attachment":[{"href":"https:\/\/hostnetart.com.br\/baixada\/wp-json\/wp\/v2\/media?parent=12143"}],"wp:term":[{"taxonomy":"category","embeddable":true,"href":"https:\/\/hostnetart.com.br\/baixada\/wp-json\/wp\/v2\/categories?post=12143"},{"taxonomy":"post_tag","embeddable":true,"href":"https:\/\/hostnetart.com.br\/baixada\/wp-json\/wp\/v2\/tags?post=12143"}],"curies":[{"name":"wp","href":"https:\/\/api.w.org\/{rel}","templated":true}]}}