{"id":12141,"date":"2022-02-10T17:34:08","date_gmt":"2022-02-10T20:34:08","guid":{"rendered":"https:\/\/hostnetart.com.br\/baixada\/aberta-inscricoes-para-curso-de-inteligencia-emocional-com-desconto-a-bancarios\/"},"modified":"2022-02-10T17:34:08","modified_gmt":"2022-02-10T20:34:08","slug":"aberta-inscricoes-para-curso-de-inteligencia-emocional-com-desconto-a-bancarios","status":"publish","type":"post","link":"https:\/\/hostnetart.com.br\/baixada\/aberta-inscricoes-para-curso-de-inteligencia-emocional-com-desconto-a-bancarios\/","title":{"rendered":"Aberta inscri\u00e7\u00f5es para curso de Intelig\u00eancia Emocional com desconto a banc\u00e1rios"},"content":{"rendered":"<p>A Faculdade 28 de Agosto oferece seu primeiro curso totalmente \u00e0 dist\u00e2ncia sobre os conceitos de Intelig\u00eancia Emocional, Mindset e Psicologia Positiva aplicados ao cotidiano do ambiente profissional e pessoal. O curso, que acontece nos dias 15, 17, 22 e 24\/02, \u00e9 oferecido com desconto para todos os s\u00f3cios de sindicatos filiados \u00e0 Confedera\u00e7\u00e3o Nacional dos Trabalhadores do Ramo Financeiro (Contraf-CUT), que \u00e9 o caso do Sindicato dos Banc\u00e1rios da Baixada Fluminense.\u00a0<\/p>\n<p>Para fazer inscri\u00e7\u00f5es, abertas at\u00e9 14 de fevereiro, o interessado deve\u00a0<a href=\"https:\/\/contrafcut.com.br\/noticias\/aberta-inscricoes-para-curso-de-inteligencia-emocional-com-desconto-a-bancarios\/(https:\/loja.spbancarios.com.br\/produto\/inteligencia-emocional\/)\">acessar o site<\/a>. Para tirar d\u00favidas deve entrar\u00a0<a href=\"https:\/\/api.whatsapp.com\/send?1=pt_BR&amp;phone=55011998283809\">em contato via WhatsApp<\/a>. O curso ser\u00e1 realizado mediante o n\u00famero m\u00ednimo de inscritos.<\/p>\n<p>Maur\u00edcio Lambiasi \u00e9 quem ministra as aulas. Al\u00e9m de professor, hoje ele atua como consultor, j\u00e1 tendo trabalhado 37 anos no Banco do Brasil nas \u00e1reas de processos, neg\u00f3cios e gest\u00e3o de pessoas. Lambiasi tamb\u00e9m \u00e9 p\u00f3s-graduado em Administra\u00e7\u00e3o Geral pela FEA-USP, mestre em Recursos Humanos pela Mackenzie, graduado em Psicologia Cl\u00ednica pela Universidad Latinoamericana de M\u00e9xico e, por fim, doutorando em Ciencias Empresariales y Sociales pela Universidad de Ciencias Empresariales y Sociales de Buenos Aires.<\/p>\n<h3>Veja a grade<\/h3>\n<p>R$100,00 \u2013 R$200,00.<br \/>Carga hor\u00e1ria: 8 horas.<br \/>04 encontros virtuais de 2h cada, \u00e0s ter\u00e7as e quintas-feiras, das 19h30 \u00e0s 21h30.<br \/>Certificado com 75% de frequ\u00eancia.<br \/>Pr\u00e9-requisitos: N\u00e3o h\u00e1.<\/p>\n<h3>M\u00f3dulo I \u2013 Intelig\u00eancia Emocional<\/h3>\n<ul>\n<li>O c\u00e9rebro humano<\/li>\n<li>O c\u00e9rebro emocional<\/li>\n<li>A natureza da intelig\u00eancia emocional<\/li>\n<li>Como expandir sua intelig\u00eancia emocional.<\/li>\n<li>Como usar sua intelig\u00eancia emocional nas rela\u00e7\u00f5es com as outras pessoas<\/li>\n<li>Aten\u00e7\u00e3o Plena \u2013 Mindfulness<\/li>\n<li>Exerc\u00edcios<\/li>\n<\/ul>\n<h3>M\u00f3dulo II \u2013 Mindset<\/h3>\n<ul>\n<li>Os mindsets<\/li>\n<li>Por dentro dos mindsets<\/li>\n<li>A verdade sobre aptid\u00e3o e realiza\u00e7\u00e3o<\/li>\n<li>Mindset: neg\u00f3cios, esporte, relacionamentos<\/li>\n<li>Mudan\u00e7a de mindset<\/li>\n<li>Exerc\u00edcios<\/li>\n<\/ul>\n<h3>M\u00f3dulo III \u2013 Psicologia Positiva<\/h3>\n<ul>\n<li>O que \u00e9 Psicologia Positiva<\/li>\n<li>Psicologia Positiva em contexto<\/li>\n<li>Estados e processos emocionais positivos<\/li>\n<li>Estados e processos cognitivos positivos<\/li>\n<li>Comportamento pr\u00f3-social<\/li>\n<li>Compreendendo e mudando o comportamento humano<\/li>\n<li>Ambientes positivos<\/li>\n<li>Exerc\u00edcios<\/li>\n<\/ul>\n<ul>\n<li>Objetivos Proporcionar ao interessado a compreens\u00e3o dos conceitos de Intelig\u00eancia Emocional, Mindset e Psicologia Positiva, bem como sua aplicabilidade para a realidade atual, uma vez que as intensas e r\u00e1pidas transforma\u00e7\u00f5es que vem ocorrendo na sociedade, em escala global, indicam as necessidades das pessoas agirem com equil\u00edbrio e postura positiva perante a vida para poder evoluir pessoal e profissionalmente, com qualidade de vida.<\/li>\n<li>Compreender como desenvolver a Intelig\u00eancia Emocional e a sua aplica\u00e7\u00e3o para conhecer a si mesmo e o outro de forma a garantir, al\u00e9m do pr\u00f3prio crescimento nos \u00e2mbitos pessoal e profissional, o desenvolvimento de rela\u00e7\u00f5es interpessoais saud\u00e1veis e duradouras.<\/li>\n<li>Compreender como desenvolver um Mindset de crescimento para a supera\u00e7\u00e3o de desafios e obten\u00e7\u00e3o de \u00eaxito pessoal e profissional.<\/li>\n<li>Compreender a import\u00e2ncia da Psicologia Positiva para a obten\u00e7\u00e3o de emo\u00e7\u00f5es positivas, qualidade das rela\u00e7\u00f5es humanas aplicando a empatia, altru\u00edsmo, gratid\u00e3o, v\u00ednculos e amor, de modo a desenvolver uma postura positiva perante a vida, com consequente desenvolvimento pessoal e profissional.<\/li>\n<\/ul>\n<p><strong>Fonte: Contraf-CUT<\/strong><\/p>\n","protected":false},"excerpt":{"rendered":"<p>A Faculdade 28 de Agosto oferece seu primeiro curso totalmente \u00e0 dist\u00e2ncia sobre os conceitos de Intelig\u00eancia Emocional, Mindset e Psicologia Positiva aplicados ao cotidiano do ambiente profissional e pessoal. O curso, que acontece nos dias 15, 17, 22 e 24\/02, \u00e9 oferecido com desconto para todos os s\u00f3cios de sindicatos filiados \u00e0 Confedera\u00e7\u00e3o Nacional [&hellip;]<\/p>\n","protected":false},"author":2,"featured_media":12140,"comment_status":"","ping_status":"","sticky":false,"template":"","format":"standard","meta":{"footnotes":""},"categories":[3],"tags":[],"class_list":["post-12141","post","type-post","status-publish","format-standard","has-post-thumbnail","hentry","category-noticias"],"_links":{"self":[{"href":"https:\/\/hostnetart.com.br\/baixada\/wp-json\/wp\/v2\/posts\/12141","targetHints":{"allow":["GET"]}}],"collection":[{"href":"https:\/\/hostnetart.com.br\/baixada\/wp-json\/wp\/v2\/posts"}],"about":[{"href":"https:\/\/hostnetart.com.br\/baixada\/wp-json\/wp\/v2\/types\/post"}],"author":[{"embeddable":true,"href":"https:\/\/hostnetart.com.br\/baixada\/wp-json\/wp\/v2\/users\/2"}],"replies":[{"embeddable":true,"href":"https:\/\/hostnetart.com.br\/baixada\/wp-json\/wp\/v2\/comments?post=12141"}],"version-history":[{"count":0,"href":"https:\/\/hostnetart.com.br\/baixada\/wp-json\/wp\/v2\/posts\/12141\/revisions"}],"wp:featuredmedia":[{"embeddable":true,"href":"https:\/\/hostnetart.com.br\/baixada\/wp-json\/wp\/v2\/media\/12140"}],"wp:attachment":[{"href":"https:\/\/hostnetart.com.br\/baixada\/wp-json\/wp\/v2\/media?parent=12141"}],"wp:term":[{"taxonomy":"category","embeddable":true,"href":"https:\/\/hostnetart.com.br\/baixada\/wp-json\/wp\/v2\/categories?post=12141"},{"taxonomy":"post_tag","embeddable":true,"href":"https:\/\/hostnetart.com.br\/baixada\/wp-json\/wp\/v2\/tags?post=12141"}],"curies":[{"name":"wp","href":"https:\/\/api.w.org\/{rel}","templated":true}]}}