{"id":12133,"date":"2022-02-09T13:47:22","date_gmt":"2022-02-09T16:47:22","guid":{"rendered":"https:\/\/hostnetart.com.br\/baixada\/bradesco-paga-plr-na-proxima-sexta-feira-11\/"},"modified":"2022-02-09T13:47:22","modified_gmt":"2022-02-09T16:47:22","slug":"bradesco-paga-plr-na-proxima-sexta-feira-11","status":"publish","type":"post","link":"https:\/\/hostnetart.com.br\/baixada\/bradesco-paga-plr-na-proxima-sexta-feira-11\/","title":{"rendered":"Bradesco paga PLR na pr\u00f3xima sexta-feira (11)"},"content":{"rendered":"<div class=\"elementor-element elementor-element-194680ec elementor-widget elementor-widget-theme-post-content\" data-id=\"194680ec\" data-element_type=\"widget\" data-widget_type=\"theme-post-content.default\">\n<div class=\"elementor-widget-container\">\n<p>Em resposta ao of\u00edcio enviado pelo Movimento Sindical Banc\u00e1rio, solicitando a antecipa\u00e7\u00e3o de pagamento da segunda parcela da Participa\u00e7\u00e3o nos Lucros e Resultados (PLR), o Banco Bradesco informou, nesta quarta-feira (9), que ir\u00e1 efetuar o cr\u00e9dito na pr\u00f3xima sexta-feira, 11 de fevereiro.<\/p>\n<p><span style=\"text-decoration: underline;\">ENTENDA<\/span><\/p>\n<p>A Conven\u00e7\u00e3o Coletiva do Trabalho (CCT) da categoria determina que os bancos t\u00eam at\u00e9 1\u00ba de mar\u00e7o para realizarem o cr\u00e9dito. Todos os anos, a Confedera\u00e7\u00e3o Nacional dos Trabalhadores do Ramo Financeiro (Contraf-CUT) solicita a antecipa\u00e7\u00e3o, muitas vezes atendida pelas institui\u00e7\u00f5es financeiras.<\/p>\n<p>Mar\u00e7o \u00e9 a data do pagamento da segunda parcela da PLR 2021, descontado o valor pago como antecipa\u00e7\u00e3o em setembro de 2021. Com os balan\u00e7os dos bancos no ano de 2021 fechados e os resultados consolidados, cada institui\u00e7\u00e3o financeira j\u00e1 pode calcular o que pagar\u00e1 de PLR a seus funcion\u00e1rios. \u00c9 importante lembrar que em 2020 a categoria banc\u00e1ria conquistou um acordo de dois anos que garantiu, entre outros avan\u00e7os, um reajuste de 10,97% (reposi\u00e7\u00e3o da infla\u00e7\u00e3o + aumento real de 0,5%) nas parcelas fixa e adicional no teto da PLR 2021.<\/p>\n<p><strong>Fonte: Fetraf RJ\/ES<\/strong><\/p>\n<\/div>\n<\/div>\n","protected":false},"excerpt":{"rendered":"<p>Em resposta ao of\u00edcio enviado pelo Movimento Sindical Banc\u00e1rio, solicitando a antecipa\u00e7\u00e3o de pagamento da segunda parcela da Participa\u00e7\u00e3o nos Lucros e Resultados (PLR), o Banco Bradesco informou, nesta quarta-feira (9), que ir\u00e1 efetuar o cr\u00e9dito na pr\u00f3xima sexta-feira, 11 de fevereiro. ENTENDA A Conven\u00e7\u00e3o Coletiva do Trabalho (CCT) da categoria determina que os bancos [&hellip;]<\/p>\n","protected":false},"author":2,"featured_media":12132,"comment_status":"","ping_status":"","sticky":false,"template":"","format":"standard","meta":{"footnotes":""},"categories":[3],"tags":[],"class_list":["post-12133","post","type-post","status-publish","format-standard","has-post-thumbnail","hentry","category-noticias"],"_links":{"self":[{"href":"https:\/\/hostnetart.com.br\/baixada\/wp-json\/wp\/v2\/posts\/12133","targetHints":{"allow":["GET"]}}],"collection":[{"href":"https:\/\/hostnetart.com.br\/baixada\/wp-json\/wp\/v2\/posts"}],"about":[{"href":"https:\/\/hostnetart.com.br\/baixada\/wp-json\/wp\/v2\/types\/post"}],"author":[{"embeddable":true,"href":"https:\/\/hostnetart.com.br\/baixada\/wp-json\/wp\/v2\/users\/2"}],"replies":[{"embeddable":true,"href":"https:\/\/hostnetart.com.br\/baixada\/wp-json\/wp\/v2\/comments?post=12133"}],"version-history":[{"count":0,"href":"https:\/\/hostnetart.com.br\/baixada\/wp-json\/wp\/v2\/posts\/12133\/revisions"}],"wp:featuredmedia":[{"embeddable":true,"href":"https:\/\/hostnetart.com.br\/baixada\/wp-json\/wp\/v2\/media\/12132"}],"wp:attachment":[{"href":"https:\/\/hostnetart.com.br\/baixada\/wp-json\/wp\/v2\/media?parent=12133"}],"wp:term":[{"taxonomy":"category","embeddable":true,"href":"https:\/\/hostnetart.com.br\/baixada\/wp-json\/wp\/v2\/categories?post=12133"},{"taxonomy":"post_tag","embeddable":true,"href":"https:\/\/hostnetart.com.br\/baixada\/wp-json\/wp\/v2\/tags?post=12133"}],"curies":[{"name":"wp","href":"https:\/\/api.w.org\/{rel}","templated":true}]}}