{"id":12129,"date":"2022-02-08T17:30:11","date_gmt":"2022-02-08T20:30:11","guid":{"rendered":"https:\/\/hostnetart.com.br\/baixada\/comeca-nesta-terca-feira-8-o-pagamento-do-abono-salarial-pis-pasep-confira-o-calendario\/"},"modified":"2022-02-08T17:30:11","modified_gmt":"2022-02-08T20:30:11","slug":"comeca-nesta-terca-feira-8-o-pagamento-do-abono-salarial-pis-pasep-confira-o-calendario","status":"publish","type":"post","link":"https:\/\/hostnetart.com.br\/baixada\/comeca-nesta-terca-feira-8-o-pagamento-do-abono-salarial-pis-pasep-confira-o-calendario\/","title":{"rendered":"Come\u00e7a nesta ter\u00e7a-feira (8) o pagamento do abono salarial PIS\/Pasep; confira o calend\u00e1rio"},"content":{"rendered":"<p>Come\u00e7a nesta ter\u00e7a-feira (8) o pagamento do abono salarial do Programa de Integra\u00e7\u00e3o Social (<a href=\"https:\/\/www.caixa.gov.br\/beneficios-trabalhador\/pis\/Paginas\/default.aspx\" target=\"_blank\" rel=\"noopener noreferrer\">PIS<\/a>) referente a 2020. O calend\u00e1rio de pagamentos seguir\u00e1 de acordo com o m\u00eas de nascimento dos benefici\u00e1rios. Nesta ter\u00e7a, recebem os nascidos em janeiro. Aqueles que nasceram em dezembro receber\u00e3o em 31 de mar\u00e7o. \u00a0<\/p>\n<p>O cronograma ainda prev\u00ea o in\u00edcio do pagamento em 15 de fevereiro para servidores p\u00fablicos beneficiados pelo Programa de Forma\u00e7\u00e3o do Patrim\u00f4nio do Servidor P\u00fablico (<a href=\"https:\/\/www.bb.com.br\/pbb\/pagina-inicial\/setor-publico\/governo-federal\/gestao\/gestao-de-recursos\/pagamento-de-ordens-bancarias,-salarios-e-beneficios\/pasep#\/\" target=\"_blank\" rel=\"noopener noreferrer\">Pasep<\/a>). Neste caso, o calend\u00e1rio seguir\u00e1 o n\u00famero final da inscri\u00e7\u00e3o do trabalhador. \u00a0<\/p>\n<p>No total, cerca de 23 milh\u00f5es de trabalhadores receber\u00e3o um total de aproximadamente R$ 21 milh\u00f5es. Todos, servidores ou funcion\u00e1rios da iniciativa privada, devem receber os valores at\u00e9 29 de mar\u00e7o e os saques devem ser efetuados at\u00e9 29 de dezembro.\u00a0<\/p>\n<p class=\"ckeditor-subtitle\">Confira o calend\u00e1rio \u00a0<\/p>\n<p><strong>PIS \u00a0<\/strong><\/p>\n<p>Janeiro: 8 de fevereiro \u00a0\u00a0<br \/>Fevereiro: 10 de fevereiro \u00a0\u00a0<br \/>Mar\u00e7o: 15 de fevereiro \u00a0<br \/>Abril: 17 de fevereiro \u00a0\u00a0<br \/>Maio: 22 de fevereiro \u00a0\u00a0<br \/>Junho: 24 de fevereiro \u00a0<br \/>Julho: 15 de mar\u00e7o \u00a0<br \/>Agosto: 17 de mar\u00e7o \u00a0\u00a0<br \/>Setembro: 22 de mar\u00e7o \u00a0<br \/>Outubro: 24 de mar\u00e7o \u00a0\u00a0<br \/>Novembro: 29 de mar\u00e7o\u00a0<br \/>Dezembro: 31 de mar\u00e7o\u00a0<\/p>\n<p><strong>Pasep \u00a0 \u00a0<\/strong><\/p>\n<p>0 e 1: 15 de fevereiro \u00a0\u00a0<br \/>2 e 3: 17 de fevereiro \u00a0\u00a0<br \/>4: 22 de fevereiro \u00a0\u00a0<br \/>5: 24 de fevereiro \u00a0\u00a0<br \/>6: 15 de mar\u00e7o \u00a0<br \/>7: 17 de mar\u00e7o \u00a0\u00a0<br \/>8: 22 de mar\u00e7o \u00a0<br \/>9: 24 de mar\u00e7o\u00a0<\/p>\n<p class=\"ckeditor-subtitle\">Quem pode receber? \u00a0<\/p>\n<p>Aqueles que t\u00eam direito ao abono salarial s\u00e3o os trabalhadores que exerceram qualquer atividade remunerada por mais de 30 dias em 2020, com carteira assinada e receberam at\u00e9 dois sal\u00e1rios m\u00ednimos por m\u00eas (R$ 2.424). Para isso, \u00e9 preciso tamb\u00e9m estar inscrito no PIS-Pasep por pelo menos cinco anos e ter os dados atualizados na Rela\u00e7\u00e3o Anual de Informa\u00e7\u00f5es Sociais (Rais) pelo empregador tamb\u00e9m s\u00e3o requisitos. \u00a0\u00a0<\/p>\n<p>O valor do abano depende da quantidade de meses em que o trabalhador esteve empregado com carteira assinada em 2020, n\u00e3o ultrapassando o valor de um sal\u00e1rio m\u00ednimo (R$ 1.212). \u00a0<\/p>\n<p>Para o trabalhador da iniciativa privada saber se tem direito ao benef\u00edcio, quando e quanto ir\u00e1 receber, basta ligar no n\u00famero 158 da Central de Atendimento Al\u00f4 Trabalho ou consultar nos aplicativos da carteira de trabalho digital, Caixa Trabalhador ou Caixa Tem.\u00a0<\/p>\n<p>Trabalhadores vinculados ao Pasep podem fazer a consulta\u00a0<a href=\"https:\/\/www36.bb.com.br\/portalbb\/pasep\/pesquisa,802,17,505134,2,0,1.bbx%20%C2%A0\" target=\"_blank\" rel=\"noopener noreferrer\">por meio do site do Banco do Brasil<\/a>\u00a0ou da Central de Atendimento do BB: 4004-0001, capitais e regi\u00f5es metropolitanas, ou 0800 729 0001, interior.<\/p>\n<p class=\"ckeditor-subtitle\">Como ser\u00e1 feito o pagamento?\u00a0<\/p>\n<p>Para os servidores p\u00fablicos, o pagamento \u00e9 feito pelo Banco do Brasil, por meio de cr\u00e9dito em conta para os clientes do banco. Para correntistas de demais institui\u00e7\u00f5es, \u00e9 poss\u00edvel fazer uma transfer\u00eancia banc\u00e1ria. Os benefici\u00e1rios tamb\u00e9m podem realizar o saque nas ag\u00eancias do banco, mediante a apresenta\u00e7\u00e3o de um documento de identidade oficial.\u00a0<\/p>\n<p><strong><a href=\"https:\/\/www.brasildefatomg.com.br\/2021\/05\/25\/e-possivel-sacar-o-pis-ou-fgts-de-pessoa-falecida\" target=\"_blank\" rel=\"noopener noreferrer\">::\u00c9 poss\u00edvel sacar o PIS ou FGTS de pessoa falecida?::<\/a><\/strong><\/p>\n<p>J\u00e1 para os trabalhadores da iniciativa privada, pela Caixa Econ\u00f4mica Federal, para quem tem conta no banco. Aqueles que n\u00e3o possuem, os valores ser\u00e3o depositados na Poupan\u00e7a Social Digital, podendo ser movimentada pelo aplicativo Caixa Tem. Caso n\u00e3o seja poss\u00edvel abrir uma conta digital, o saque deve ser feito com o Cart\u00e3o do Cidad\u00e3o e senha, nos terminais de autoatendimento, unidades lot\u00e9ricas, Caixa Aqui ou ag\u00eancias.\u00a0<\/p>\n<p class=\"ckeditor-subtitle\">Fundo PIS\/Pasep \u00a0 \u00a0<\/p>\n<p>Entre 1971 e 4 de outubro de 1988, as empresas e \u00f3rg\u00e3os p\u00fablicos transferiam um valor no fundo PIS\/Pasep em nome de cada um dos funcion\u00e1rios. O saque, no entanto, s\u00f3 era liberado em caso de aposentadoria, doen\u00e7a grave ou ao completar 70 anos. O Fundo foi descontinuado pela Constitui\u00e7\u00e3o Federal de 1988, mas isso n\u00e3o trouxe efeito para o pagamento do abono salarial. \u00a0\u00a0<\/p>\n<p><strong>Fonte: Brasil de Fato<\/strong><\/p>\n","protected":false},"excerpt":{"rendered":"<p>Come\u00e7a nesta ter\u00e7a-feira (8) o pagamento do abono salarial do Programa de Integra\u00e7\u00e3o Social (PIS) referente a 2020. O calend\u00e1rio de pagamentos seguir\u00e1 de acordo com o m\u00eas de nascimento dos benefici\u00e1rios. Nesta ter\u00e7a, recebem os nascidos em janeiro. Aqueles que nasceram em dezembro receber\u00e3o em 31 de mar\u00e7o. \u00a0 O cronograma ainda prev\u00ea o [&hellip;]<\/p>\n","protected":false},"author":2,"featured_media":12128,"comment_status":"","ping_status":"","sticky":false,"template":"","format":"standard","meta":{"footnotes":""},"categories":[3],"tags":[],"class_list":["post-12129","post","type-post","status-publish","format-standard","has-post-thumbnail","hentry","category-noticias"],"_links":{"self":[{"href":"https:\/\/hostnetart.com.br\/baixada\/wp-json\/wp\/v2\/posts\/12129","targetHints":{"allow":["GET"]}}],"collection":[{"href":"https:\/\/hostnetart.com.br\/baixada\/wp-json\/wp\/v2\/posts"}],"about":[{"href":"https:\/\/hostnetart.com.br\/baixada\/wp-json\/wp\/v2\/types\/post"}],"author":[{"embeddable":true,"href":"https:\/\/hostnetart.com.br\/baixada\/wp-json\/wp\/v2\/users\/2"}],"replies":[{"embeddable":true,"href":"https:\/\/hostnetart.com.br\/baixada\/wp-json\/wp\/v2\/comments?post=12129"}],"version-history":[{"count":0,"href":"https:\/\/hostnetart.com.br\/baixada\/wp-json\/wp\/v2\/posts\/12129\/revisions"}],"wp:featuredmedia":[{"embeddable":true,"href":"https:\/\/hostnetart.com.br\/baixada\/wp-json\/wp\/v2\/media\/12128"}],"wp:attachment":[{"href":"https:\/\/hostnetart.com.br\/baixada\/wp-json\/wp\/v2\/media?parent=12129"}],"wp:term":[{"taxonomy":"category","embeddable":true,"href":"https:\/\/hostnetart.com.br\/baixada\/wp-json\/wp\/v2\/categories?post=12129"},{"taxonomy":"post_tag","embeddable":true,"href":"https:\/\/hostnetart.com.br\/baixada\/wp-json\/wp\/v2\/tags?post=12129"}],"curies":[{"name":"wp","href":"https:\/\/api.w.org\/{rel}","templated":true}]}}