{"id":12123,"date":"2022-02-08T16:36:05","date_gmt":"2022-02-08T19:36:05","guid":{"rendered":"https:\/\/hostnetart.com.br\/baixada\/associados-da-previ-conquistam-reducao-da-taxa-de-carregamento\/"},"modified":"2022-02-08T16:36:05","modified_gmt":"2022-02-08T19:36:05","slug":"associados-da-previ-conquistam-reducao-da-taxa-de-carregamento","status":"publish","type":"post","link":"https:\/\/hostnetart.com.br\/baixada\/associados-da-previ-conquistam-reducao-da-taxa-de-carregamento\/","title":{"rendered":"Associados da Previ conquistam redu\u00e7\u00e3o da taxa de carregamento"},"content":{"rendered":"<p>A Caixa de Previd\u00eancia dos Funcion\u00e1rios do Banco do Brasil (Previ) anunciou a redu\u00e7\u00e3o na taxa de carregamento, cobrada em seus planos de benef\u00edcios, de 4% para 3,5%, a partir de abril desde ano. A mudan\u00e7a resultar\u00e1 em impactos positivos, principalmente aos associados do plano Previ Futuro, com aumento correspondente do saldo de conta e, consequentemente, no valor da futura aposentadoria.<\/p>\n<p>O diretor de Administra\u00e7\u00e3o da entidade, M\u00e1rcio de Souza, explica que a queda na taxa de carregamento cumpre um compromisso dos dirigentes eleitos para representar os funcion\u00e1rios do BB dentro da entidade: \u201c\u00c9 uma reivindica\u00e7\u00e3o antiga, aprovada pelos trabalhadores nos Congressos Nacionais de Funcion\u00e1rios do Banco do Brasil\u201d, destaca. \u201cCumprindo um compromisso dos dirigentes eleitos, temos reduzido, ao longo do tempo, a taxa de carregamento, que j\u00e1 foi de 5%\u201d, completa.<\/p>\n<p>Luciana Bagno, eleita conselheira Deliberativa da Previ, observa tamb\u00e9m que a redu\u00e7\u00e3o da taxa de carregamento representa mais uma etapa no ganho de efici\u00eancia que a entidade vem conquistando ao longo dos anos: \u201c\u00c9 claro que nosso trabalho para reduzir as taxas tem sido feito de forma respons\u00e1vel, levando em considera\u00e7\u00e3o a sustentabilidade da Previ\u201d, pontua.<\/p>\n<p>Com a redu\u00e7\u00e3o, o associado \u00e9 duas vezes beneficiado, \u201cuma vez que a taxa de carregamento incide tanto sobre a contribui\u00e7\u00e3o dos participantes, como do patrocinador Banco do Brasil\u201d explica ainda M\u00e1rcio de Souza, completando: \u201cEssa diferen\u00e7a, portanto, \u00e9 acrescentada ao saldo de conta de cada associado e depois na aposentadoria\u201d.<\/p>\n<h3>Papel social<\/h3>\n<p>\u201cEssa conquista dos associados na Previ \u00e9 fruto do modelo de governan\u00e7a robusto da entidade, que, al\u00e9m de garantir a influ\u00eancia dos funcion\u00e1rios do BB em decis\u00f5es importantes, protege a entidade contra eventuais amea\u00e7as externas, como tentativas de inger\u00eancia pol\u00edtica ou interesses de agentes de mercado\u201d, avalia o coordenador da Comiss\u00e3o de Empresa dos Funcion\u00e1rios do Banco do Brasil (CEBB), Jo\u00e3o Fukunaga. \u201cN\u00e3o podemos perder de vista que a Previ \u00e9 o maior fundo de pens\u00e3o do Brasil e que ela tem cumprindo, de forma eficiente, seu principal prop\u00f3sito que \u00e9 gerar aposentadoria segura e digna para seus participantes\u201d, completa.<\/p>\n<h3>Combina\u00e7\u00e3o mais competitiva do mercado<\/h3>\n<p>A taxa de carregamento (agora em 3,5%) comp\u00f5e, ao lado da taxa de administra\u00e7\u00e3o, as despesas administrativas da Previ. \u201cEla incide sobre cada contribui\u00e7\u00e3o feita ao Previ Futuro, incluindo os aportes do participante e do patrocinador, o BB. Enquanto que a taxa de administra\u00e7\u00e3o incide sobre o saldo total de contas do participante\u201d, explica Luciana.<\/p>\n<p>Na Previ, a taxa de administra\u00e7\u00e3o (despesas administrativas sobre o total de recursos garantidores) est\u00e1 hoje em 0,13% \u2013 o menor \u00edndice entre os cinco maiores fundos de pens\u00e3o do pa\u00eds. A taxa de administra\u00e7\u00e3o da Previ tamb\u00e9m representa menos da metade da taxa de administra\u00e7\u00e3o m\u00e9dia (0,28%) do sistema de previd\u00eancia complementar fechado (composto por 292 entidades e 1.129 planos), conforme relat\u00f3rio, referente a 2020, da Previc, o \u00f3rg\u00e3o regulador do sistema de previd\u00eancia complementar fechado.<\/p>\n<p>O custo de administra\u00e7\u00e3o m\u00e9dio da Previ tamb\u00e9m \u00e9 10 vezes menor se comparado aos 11.300 fundos de investimentos e mais de 1.200 fundos de previd\u00eancia abertos vendidos no mercado, que, segundo dados da Anbima, \u00e9 de 1,33% ao ano.<\/p>\n<p><strong>Fonte: Contraf-CUT<\/strong><\/p>\n","protected":false},"excerpt":{"rendered":"<p>A Caixa de Previd\u00eancia dos Funcion\u00e1rios do Banco do Brasil (Previ) anunciou a redu\u00e7\u00e3o na taxa de carregamento, cobrada em seus planos de benef\u00edcios, de 4% para 3,5%, a partir de abril desde ano. A mudan\u00e7a resultar\u00e1 em impactos positivos, principalmente aos associados do plano Previ Futuro, com aumento correspondente do saldo de conta e, [&hellip;]<\/p>\n","protected":false},"author":2,"featured_media":12122,"comment_status":"","ping_status":"","sticky":false,"template":"","format":"standard","meta":{"footnotes":""},"categories":[3],"tags":[],"class_list":["post-12123","post","type-post","status-publish","format-standard","has-post-thumbnail","hentry","category-noticias"],"_links":{"self":[{"href":"https:\/\/hostnetart.com.br\/baixada\/wp-json\/wp\/v2\/posts\/12123","targetHints":{"allow":["GET"]}}],"collection":[{"href":"https:\/\/hostnetart.com.br\/baixada\/wp-json\/wp\/v2\/posts"}],"about":[{"href":"https:\/\/hostnetart.com.br\/baixada\/wp-json\/wp\/v2\/types\/post"}],"author":[{"embeddable":true,"href":"https:\/\/hostnetart.com.br\/baixada\/wp-json\/wp\/v2\/users\/2"}],"replies":[{"embeddable":true,"href":"https:\/\/hostnetart.com.br\/baixada\/wp-json\/wp\/v2\/comments?post=12123"}],"version-history":[{"count":0,"href":"https:\/\/hostnetart.com.br\/baixada\/wp-json\/wp\/v2\/posts\/12123\/revisions"}],"wp:featuredmedia":[{"embeddable":true,"href":"https:\/\/hostnetart.com.br\/baixada\/wp-json\/wp\/v2\/media\/12122"}],"wp:attachment":[{"href":"https:\/\/hostnetart.com.br\/baixada\/wp-json\/wp\/v2\/media?parent=12123"}],"wp:term":[{"taxonomy":"category","embeddable":true,"href":"https:\/\/hostnetart.com.br\/baixada\/wp-json\/wp\/v2\/categories?post=12123"},{"taxonomy":"post_tag","embeddable":true,"href":"https:\/\/hostnetart.com.br\/baixada\/wp-json\/wp\/v2\/tags?post=12123"}],"curies":[{"name":"wp","href":"https:\/\/api.w.org\/{rel}","templated":true}]}}