{"id":1212,"date":"2013-07-23T00:00:00","date_gmt":"2013-07-23T03:00:00","guid":{"rendered":"https:\/\/hostnetart.com.br\/baixada\/midia-da-campanha-nacional-aposta-no-humor-para-mobilizar-bancarios\/"},"modified":"2013-07-23T00:00:00","modified_gmt":"2013-07-23T03:00:00","slug":"midia-da-campanha-nacional-aposta-no-humor-para-mobilizar-bancarios","status":"publish","type":"post","link":"https:\/\/hostnetart.com.br\/baixada\/midia-da-campanha-nacional-aposta-no-humor-para-mobilizar-bancarios\/","title":{"rendered":"M\u00eddia da Campanha Nacional aposta no humor para mobilizar banc\u00e1rios"},"content":{"rendered":"<p><strong>Rede de Comunica\u00e7\u00e3o dos Banc\u00e1rios<\/strong><br \/>Lucimar Cruz Beraldo e Renata Silver<\/p>\n<p>\u00a0<\/p>\n<p>A proposta de m\u00eddia para a Campanha Nacional dos Banc\u00e1rios 2013 foi apresentada na manh\u00e3 de domingo (21), \u00faltimo dia da 15\u00aa Confer\u00eancia, realizada no final de semana, em S\u00e3o Paulo. O material \u00e9 fruto de cinco reuni\u00f5es espec\u00edficas com a participa\u00e7\u00e3o de diretores de imprensa e jornalistas de v\u00e1rios sindicatos e federa\u00e7\u00f5es de todo o pa\u00eds. O material usa o mote \u201cvem pra luta\u201d e est\u00e1 em sintonia com as manifesta\u00e7\u00f5es de rua que v\u00eam acontecendo desde junho.<\/p>\n<p>\u00a0<\/p>\n<p>O conceito foi constru\u00eddo coletivamente e as pe\u00e7as escolhidas foram criadas pela equipe de comunica\u00e7\u00e3o do Sindicato dos Banc\u00e1rios de Pernambuco. O material \u00e9 colorido e traz muita irrever\u00eancia e bom humor. A arte final foi feito pela Fermento Design.<\/p>\n<p>\u00a0<\/p>\n<p>A apresenta\u00e7\u00e3o foi feita pelo secret\u00e1rio de imprensa da Contraf-CUT, Ademir Wiederkehr. O material foi recebido com muitos aplausos do plen\u00e1rio.<\/p>\n<p>\u00a0<\/p>\n<p>\u201cAcreditamos que essa proposta tem tudo para ajudar a mobilizar a categoria, dialogar com os clientes e a sociedade e potencializar a campanha em todo pa\u00eds, buscando o atendimento da pauta de reivindica\u00e7\u00f5es junto aos bancos\u201d, destaca Ademir.<\/p>\n<p>\u00a0<\/p>\n<p>\u00a0<\/p>\n<p><strong>Nova concep\u00e7\u00e3o de m\u00eddia<\/strong><\/p>\n<p>\u00a0<\/p>\n<p>\u201cNas \u00faltimas campanhas, o material de m\u00eddia procurou atingir a imagem dos banqueiros. N\u00f3s apresentamos a ideia de mudar o foco para dialogar com os banc\u00e1rios e as banc\u00e1rias e fazer com que se sintam parte da mobiliza\u00e7\u00e3o\u201d, afirma a secret\u00e1ria de Comunica\u00e7\u00e3o do Sindicato dos Banc\u00e1rios de Pernambuco, Anabele Silva.<\/p>\n<p>\u00a0<\/p>\n<p>\u201cOptamos pelo tom mais leve porque, apesar da seriedade das reivindica\u00e7\u00f5es, o brasileiro sempre tem humor. E tamb\u00e9m porque as condi\u00e7\u00f5es de trabalho s\u00e3o t\u00e3o ruins que pensamos em fazer uma campanha para cima\u201d, explica Anabele.<\/p>\n<p>\u00a0<\/p>\n<p>\u201cEscolhemos fazer um desenho moderno, para que tanto a ideia quanto a forma fossem l\u00fadicas. O objetivo foi envolver cada banc\u00e1rio e cada banc\u00e1ria na campanha\u201d, acrescenta a presidenta do Sindicato, Jaqueline Mello.<\/p>\n<p>\u00a0<\/p>\n<p>\u00a0<\/p>\n<p><strong>Uso das m\u00eddias sociais<\/strong><\/p>\n<p>\u00a0<\/p>\n<p>Al\u00e9m de apresentar a proposta de m\u00eddia, Ademir anunciou que haver\u00e1 a realiza\u00e7\u00e3o de uma oficina em agosto sobre a utiliza\u00e7\u00e3o das m\u00eddias sociais. O objetivo \u00e9 capacitar dirigentes sindicais e profissionais de comunica\u00e7\u00e3o para multiplicarem o conhecimento e montarem equipes em todas as entidades para divulgar a Campanha Nacional nas redes sociais.<\/p>\n<p>\u00a0<\/p>\n<p>\u00a0<\/p>\n<p><strong>Lan\u00e7amento da m\u00eddia<\/strong><\/p>\n<p>\u00a0<\/p>\n<p>As pe\u00e7as ser\u00e3o disponibilizadas para as entidades nesta ter\u00e7a-feira (23), atrav\u00e9s da se\u00e7\u00e3o de download na \u00e1rea restrita do site da Contraf-CUT, mas somente come\u00e7ar\u00e3o a ser divulgadas em todo pa\u00eds a partir do dia 30, quando acontece a entrega da pauta nacional de reivindica\u00e7\u00f5es para a Fenaban.<\/p>\n<p>\u00a0<\/p>\n<p>\u00a0<\/p>\n<p><strong>Democratiza\u00e7\u00e3o da m\u00eddia<\/strong><\/p>\n<p>\u00a0<\/p>\n<p>Outra proposta apresentada pelo diretor da Contraf-CUT foi a de realizar um Semin\u00e1rio Nacional de Comunica\u00e7\u00e3o depois da Campanha 2013. \u201cPrecisamos aprofundar os debates sobre a luta pela democratiza\u00e7\u00e3o da m\u00eddia e contribuir para fortalecer a batalha por um marco regulat\u00f3rio das comunica\u00e7\u00f5es no Brasil\u201d, ressalta Ademir.<\/p>\n<p>\u00a0<br \/>Fonte: Contraf-CUT<\/p>\n","protected":false},"excerpt":{"rendered":"<p>Rede de Comunica\u00e7\u00e3o dos Banc\u00e1riosLucimar Cruz Beraldo e Renata Silver \u00a0 A proposta de m\u00eddia para a Campanha Nacional dos Banc\u00e1rios 2013 foi apresentada na manh\u00e3 de domingo (21), \u00faltimo dia da 15\u00aa Confer\u00eancia, realizada no final de semana, em S\u00e3o Paulo. O material \u00e9 fruto de cinco reuni\u00f5es espec\u00edficas com a participa\u00e7\u00e3o de diretores [&hellip;]<\/p>\n","protected":false},"author":1,"featured_media":0,"comment_status":"","ping_status":"","sticky":false,"template":"","format":"standard","meta":{"footnotes":""},"categories":[3],"tags":[],"class_list":["post-1212","post","type-post","status-publish","format-standard","hentry","category-noticias"],"_links":{"self":[{"href":"https:\/\/hostnetart.com.br\/baixada\/wp-json\/wp\/v2\/posts\/1212","targetHints":{"allow":["GET"]}}],"collection":[{"href":"https:\/\/hostnetart.com.br\/baixada\/wp-json\/wp\/v2\/posts"}],"about":[{"href":"https:\/\/hostnetart.com.br\/baixada\/wp-json\/wp\/v2\/types\/post"}],"author":[{"embeddable":true,"href":"https:\/\/hostnetart.com.br\/baixada\/wp-json\/wp\/v2\/users\/1"}],"replies":[{"embeddable":true,"href":"https:\/\/hostnetart.com.br\/baixada\/wp-json\/wp\/v2\/comments?post=1212"}],"version-history":[{"count":0,"href":"https:\/\/hostnetart.com.br\/baixada\/wp-json\/wp\/v2\/posts\/1212\/revisions"}],"wp:attachment":[{"href":"https:\/\/hostnetart.com.br\/baixada\/wp-json\/wp\/v2\/media?parent=1212"}],"wp:term":[{"taxonomy":"category","embeddable":true,"href":"https:\/\/hostnetart.com.br\/baixada\/wp-json\/wp\/v2\/categories?post=1212"},{"taxonomy":"post_tag","embeddable":true,"href":"https:\/\/hostnetart.com.br\/baixada\/wp-json\/wp\/v2\/tags?post=1212"}],"curies":[{"name":"wp","href":"https:\/\/api.w.org\/{rel}","templated":true}]}}