{"id":12115,"date":"2022-02-05T16:47:49","date_gmt":"2022-02-05T19:47:49","guid":{"rendered":"https:\/\/hostnetart.com.br\/baixada\/sindicato-dos-bancarios-da-baixada-fluminense-participa-de-protesto-em-memoria-do-congoles-morto-no-rio\/"},"modified":"2022-02-05T16:47:49","modified_gmt":"2022-02-05T19:47:49","slug":"sindicato-dos-bancarios-da-baixada-fluminense-participa-de-protesto-em-memoria-do-congoles-morto-no-rio","status":"publish","type":"post","link":"https:\/\/hostnetart.com.br\/baixada\/sindicato-dos-bancarios-da-baixada-fluminense-participa-de-protesto-em-memoria-do-congoles-morto-no-rio\/","title":{"rendered":"Sindicato dos Banc\u00e1rios da Baixada Fluminense participa de protesto em mem\u00f3ria do congol\u00eas morto no Rio"},"content":{"rendered":"<p>Neste s\u00e1bado, 5 de fevereiro, protestos por todo o Brasil foram realizados para lembrar o brutal assassinato de Mo\u00efse Kabagambe e cobrar justi\u00e7a para os respons\u00e1veis pelo espancamento do congol\u00eas, de 24 anos, dia 24 de janeiro.<\/p>\n<p>No Rio de Janeiro, o ato foi em frente ao quiosque Tropic\u00e1lia, onde ele foi morto a pauladas, na Barra da Tijuca, Zona Oeste da Cidade. Centenas de pessoas se reuniram, em um ato pac\u00edfico, na luta contra o racismo e a xenofobia.<\/p>\n<p>A Diretora de Forma\u00e7\u00e3o do Sindicato dos Banc\u00e1rios da Baixada Fluminense, Renata Soeiro, esteve presente ao ato, representando a entidade.<\/p>\n","protected":false},"excerpt":{"rendered":"<p>Neste s\u00e1bado, 5 de fevereiro, protestos por todo o Brasil foram realizados para lembrar o brutal assassinato de Mo\u00efse Kabagambe e cobrar justi\u00e7a para os respons\u00e1veis pelo espancamento do congol\u00eas, de 24 anos, dia 24 de janeiro. No Rio de Janeiro, o ato foi em frente ao quiosque Tropic\u00e1lia, onde ele foi morto a pauladas, [&hellip;]<\/p>\n","protected":false},"author":2,"featured_media":12114,"comment_status":"","ping_status":"","sticky":false,"template":"","format":"standard","meta":{"footnotes":""},"categories":[3],"tags":[],"class_list":["post-12115","post","type-post","status-publish","format-standard","has-post-thumbnail","hentry","category-noticias"],"_links":{"self":[{"href":"https:\/\/hostnetart.com.br\/baixada\/wp-json\/wp\/v2\/posts\/12115","targetHints":{"allow":["GET"]}}],"collection":[{"href":"https:\/\/hostnetart.com.br\/baixada\/wp-json\/wp\/v2\/posts"}],"about":[{"href":"https:\/\/hostnetart.com.br\/baixada\/wp-json\/wp\/v2\/types\/post"}],"author":[{"embeddable":true,"href":"https:\/\/hostnetart.com.br\/baixada\/wp-json\/wp\/v2\/users\/2"}],"replies":[{"embeddable":true,"href":"https:\/\/hostnetart.com.br\/baixada\/wp-json\/wp\/v2\/comments?post=12115"}],"version-history":[{"count":0,"href":"https:\/\/hostnetart.com.br\/baixada\/wp-json\/wp\/v2\/posts\/12115\/revisions"}],"wp:featuredmedia":[{"embeddable":true,"href":"https:\/\/hostnetart.com.br\/baixada\/wp-json\/wp\/v2\/media\/12114"}],"wp:attachment":[{"href":"https:\/\/hostnetart.com.br\/baixada\/wp-json\/wp\/v2\/media?parent=12115"}],"wp:term":[{"taxonomy":"category","embeddable":true,"href":"https:\/\/hostnetart.com.br\/baixada\/wp-json\/wp\/v2\/categories?post=12115"},{"taxonomy":"post_tag","embeddable":true,"href":"https:\/\/hostnetart.com.br\/baixada\/wp-json\/wp\/v2\/tags?post=12115"}],"curies":[{"name":"wp","href":"https:\/\/api.w.org\/{rel}","templated":true}]}}