{"id":12107,"date":"2022-02-03T21:41:58","date_gmt":"2022-02-04T00:41:58","guid":{"rendered":"https:\/\/hostnetart.com.br\/baixada\/apos-reivindicacao-do-movimento-sindical-santander-e-itau-pagarao-plr-no-dia-25\/"},"modified":"2022-02-03T21:41:58","modified_gmt":"2022-02-04T00:41:58","slug":"apos-reivindicacao-do-movimento-sindical-santander-e-itau-pagarao-plr-no-dia-25","status":"publish","type":"post","link":"https:\/\/hostnetart.com.br\/baixada\/apos-reivindicacao-do-movimento-sindical-santander-e-itau-pagarao-plr-no-dia-25\/","title":{"rendered":"Ap\u00f3s reivindica\u00e7\u00e3o do Movimento Sindical, Santander e Ita\u00fa pagar\u00e3o PLR no dia 25"},"content":{"rendered":"<p>Em resposta ao of\u00edcio enviado pelo Movimento Sindical Banc\u00e1rio, no dia 31 de janeiro, solicitando\u00a0a antecipa\u00e7\u00e3o de pagamento da segunda parcela da Participa\u00e7\u00e3o nos Lucros e Resultados (PLR), o Banco Santander e o Banco Ita\u00fa informaram que ir\u00e3o\u00a0efetuar o cr\u00e9dito no dia 25 de fevereiro.<\/p>\n<p>O\u00a0<strong>Santander<\/strong>\u00a0informou a decis\u00e3o na \u00faltima quarta-feira, dia 2 de fevereiro. O Banco\u00a0ir\u00e1 efetuar o cr\u00e9dito no dia 25 de fevereiro, em folha de pagamento mensal, a qual ocorreria ordinariamente em 28 de fevereiro, mas foi antecipada.\u00a0Na mesma data, tamb\u00e9m ser\u00e1 efetuado o pagamento dos valores do programa pr\u00f3prio de participa\u00e7\u00e3o nos resultados (PPRS). Este programa pr\u00f3prio est\u00e1 em fase de apura\u00e7\u00e3o final.<\/p>\n<p>J\u00e1 o\u00a0<strong>Ita\u00fa<\/strong>, informou e confirmou a decis\u00e3o nesta quinta-feira, dia 3 de fevereiro.<\/p>\n<p><span style=\"text-decoration: underline;\">ENTENDA:<\/span><\/p>\n<p>A Conven\u00e7\u00e3o Coletiva do Trabalho (CCT) da categoria determina que os bancos t\u00eam at\u00e9 1\u00ba de mar\u00e7o para realizarem o cr\u00e9dito. Todos os anos a Contraf-CUT solicita a antecipa\u00e7\u00e3o, muitas vezes atendida pelas institui\u00e7\u00f5es financeiras.<\/p>\n<p>Mar\u00e7o \u00e9 a data do pagamento da segunda parcela da PLR 2021, descontado o valor pago como antecipa\u00e7\u00e3o em setembro de 2021. Com os balan\u00e7os dos bancos no ano de 2021 fechados e os resultados consolidados, cada institui\u00e7\u00e3o financeira j\u00e1 pode calcular o que pagar\u00e1 de PLR a seus funcion\u00e1rios. \u00c9 importante lembrar que em 2020 a categoria banc\u00e1ria conquistou um acordo de dois anos que garantiu, entre outros avan\u00e7os, um reajuste de 10,97% (reposi\u00e7\u00e3o da infla\u00e7\u00e3o + aumento real de 0,5%) nas parcelas fixa e adicional no teto da PLR 2021.<\/p>\n","protected":false},"excerpt":{"rendered":"<p>Em resposta ao of\u00edcio enviado pelo Movimento Sindical Banc\u00e1rio, no dia 31 de janeiro, solicitando\u00a0a antecipa\u00e7\u00e3o de pagamento da segunda parcela da Participa\u00e7\u00e3o nos Lucros e Resultados (PLR), o Banco Santander e o Banco Ita\u00fa informaram que ir\u00e3o\u00a0efetuar o cr\u00e9dito no dia 25 de fevereiro. O\u00a0Santander\u00a0informou a decis\u00e3o na \u00faltima quarta-feira, dia 2 de fevereiro. [&hellip;]<\/p>\n","protected":false},"author":2,"featured_media":12106,"comment_status":"","ping_status":"","sticky":false,"template":"","format":"standard","meta":{"footnotes":""},"categories":[3],"tags":[],"class_list":["post-12107","post","type-post","status-publish","format-standard","has-post-thumbnail","hentry","category-noticias"],"_links":{"self":[{"href":"https:\/\/hostnetart.com.br\/baixada\/wp-json\/wp\/v2\/posts\/12107","targetHints":{"allow":["GET"]}}],"collection":[{"href":"https:\/\/hostnetart.com.br\/baixada\/wp-json\/wp\/v2\/posts"}],"about":[{"href":"https:\/\/hostnetart.com.br\/baixada\/wp-json\/wp\/v2\/types\/post"}],"author":[{"embeddable":true,"href":"https:\/\/hostnetart.com.br\/baixada\/wp-json\/wp\/v2\/users\/2"}],"replies":[{"embeddable":true,"href":"https:\/\/hostnetart.com.br\/baixada\/wp-json\/wp\/v2\/comments?post=12107"}],"version-history":[{"count":0,"href":"https:\/\/hostnetart.com.br\/baixada\/wp-json\/wp\/v2\/posts\/12107\/revisions"}],"wp:featuredmedia":[{"embeddable":true,"href":"https:\/\/hostnetart.com.br\/baixada\/wp-json\/wp\/v2\/media\/12106"}],"wp:attachment":[{"href":"https:\/\/hostnetart.com.br\/baixada\/wp-json\/wp\/v2\/media?parent=12107"}],"wp:term":[{"taxonomy":"category","embeddable":true,"href":"https:\/\/hostnetart.com.br\/baixada\/wp-json\/wp\/v2\/categories?post=12107"},{"taxonomy":"post_tag","embeddable":true,"href":"https:\/\/hostnetart.com.br\/baixada\/wp-json\/wp\/v2\/tags?post=12107"}],"curies":[{"name":"wp","href":"https:\/\/api.w.org\/{rel}","templated":true}]}}