{"id":12103,"date":"2022-02-03T17:18:07","date_gmt":"2022-02-03T20:18:07","guid":{"rendered":"https:\/\/hostnetart.com.br\/baixada\/negociacoes-avancam-mas-empregados-mantem-cobrancas-a-caixa\/"},"modified":"2022-02-03T17:18:07","modified_gmt":"2022-02-03T20:18:07","slug":"negociacoes-avancam-mas-empregados-mantem-cobrancas-a-caixa","status":"publish","type":"post","link":"https:\/\/hostnetart.com.br\/baixada\/negociacoes-avancam-mas-empregados-mantem-cobrancas-a-caixa\/","title":{"rendered":"Negocia\u00e7\u00f5es avan\u00e7am, mas empregados mant\u00e9m cobran\u00e7as \u00e0 Caixa"},"content":{"rendered":"<p>A Comiss\u00e3o Executiva dos Empregados (CEE) da Caixa Econ\u00f4mica Federal e o banco se reuniram na tarde desta quarta-feira (2) para discutir sobre a\u00a0<a href=\"https:\/\/contrafcut.com.br\/noticias\/empregados-cobram-melhorias-nos-protocolos-contra-a-covid-19-na-caixa\" target=\"_blank\" rel=\"noopener noreferrer\">melhoria dos protocolos de seguran\u00e7a sanit\u00e1ria e de preven\u00e7\u00e3o \u00e0 Covid-19<\/a>\u00a0e as dificuldades de implanta\u00e7\u00e3o dos mesmos, seja devido \u00e0 falta de respeito, ou desconhecimento dos protocolos pelos gestores, seja pelo n\u00e3o afastamento de trabalhadores contaminados, ou a falta da adequada sanitiza\u00e7\u00e3o, muitas vezes para cumprir metas estabelecidas pelo banco.<\/p>\n<p>\u201cAs negocia\u00e7\u00f5es trouxeram avan\u00e7os importantes, mas \u00e9 preciso que todos se mantenham mobilizados para garantirmos a melhoria dos protocolos contra a Covid-19 e tamb\u00e9m de outras quest\u00f5es que afetam o dia a dia e as condi\u00e7\u00f5es de trabalho dos empregados\u201d, avaliou o representante da Federa\u00e7\u00e3o dos Banc\u00e1rios do Estado de S\u00e3o Paulo (Fetec-CUT\/SP), Jorge Luiz Furlan, que coordenou a representa\u00e7\u00e3o dos trabalhadores. \u201cPor isso, todos devem participar, nesta quinta-feira (3), das atividades do\u00a0<a href=\"https:\/\/contrafcut.com.br\/carta-aberta-caixa-fev-22-biro\/\" target=\"_blank\" rel=\"noopener noreferrer\">Dia Nacional de Luta dos empregados da Caixa<\/a>\u201d, convocou Furlan.<\/p>\n<h3><strong>M\u00e1scaras<\/strong><\/h3>\n<p>O banco acatou a reivindica\u00e7\u00e3o dos empregados com rela\u00e7\u00e3o ao fornecimento de m\u00e1scaras adequadas para resguardar os empregados do cont\u00e1gio e transmiss\u00e3o das novas cepas do v\u00edrus da Covid-19. Ainda n\u00e3o est\u00e1 definido, no entanto, se o banco vai conceder recursos para a compra pelas pr\u00f3prias unidades, ou se ser\u00e1 feita a compra centralizada para distribui\u00e7\u00e3o. A resposta sobre a forma de operacionaliza\u00e7\u00e3o deve ser dada na pr\u00f3xima semana.<\/p>\n<p>A representa\u00e7\u00e3o dos empregados avalia que este \u00e9 um importante avan\u00e7o, uma vez que a Portaria publicada pelo governo diz que as m\u00e1scaras poderiam ser de pano, que,\u00a0<a href=\"https:\/\/www.cnnbrasil.com.br\/saude\/especialistas-recomendam-uso-de-mascaras-mais-eficazes-contra-a-omicron\/\" target=\"_blank\" rel=\"noopener noreferrer\">segundo os especialistas, n\u00e3o s\u00e3o eficazes<\/a>\u00a0para a preven\u00e7\u00e3o contra a variante \u00d4micron, por exemplo.<\/p>\n<h3><strong>Controle de acesso<\/strong><\/h3>\n<p>O banco disse que n\u00e3o existe nenhuma previs\u00e3o para que haja qualquer tipo de contingenciamento do acesso de clientes \u00e0s ag\u00eancias. Inclusive, refor\u00e7ou que os contratos que permitiram a disponibiliza\u00e7\u00e3o de seguran\u00e7as e recepcionistas para contribuir com a organiza\u00e7\u00e3o das filas e instru\u00e7\u00e3o aos clientes foram encerrados e n\u00e3o existe nenhuma previs\u00e3o para que novas contrata\u00e7\u00f5es com esta finalidade sejam realizadas.<\/p>\n<h3><strong>Concurso de 2014<\/strong><\/h3>\n<p>O banco confirmou, por\u00e9m, que ser\u00e3o nomeados, pelo menos, mais 1.000 novos empregados entre os aprovados do\u00a0<a href=\"https:\/\/contrafcut.com.br\/noticias\/contraf-cut-recorre-e-defende-convocacao-dos-concursados-de-2014\" target=\"_blank\" rel=\"noopener noreferrer\">concurso de 2014<\/a>. A imprensa est\u00e1 noticiando a contrata\u00e7\u00e3o de 10 mil novos empregados.<\/p>\n<p>\u201cSabemos que a demanda \u00e9 maior. Mas, esses 1.000 novos empregados poder\u00e3o dar uma grande ajuda para reduzir a sobrecarga a qual os empregados est\u00e3o submetidos, principalmente se estes forem nomeados para o atendimento nas ag\u00eancias\u201d, disse o representante da Federa\u00e7\u00e3o dos Empregados em Estabelecimentos Banc\u00e1rios da Bahia e do Sergipe (Feeb\/BA-SE), Emanoel Souza.<\/p>\n<h3><strong>Implementa\u00e7\u00e3o dos protocolos<\/strong><\/h3>\n<p>Em resposta \u00e0s criticas dos trabalhadores, os representantes da Caixa disseram que todos os gestores e empregados s\u00e3o orientados a seguirem \u00e0 risca todos os protocolos de seguran\u00e7a sanit\u00e1ria e preven\u00e7\u00e3o contra Covid-19 e que s\u00e3o disponibilizadas m\u00e1scaras, \u00e1lcool em gel e em l\u00edquido 70%, al\u00e9m de cloro para a higieniza\u00e7\u00e3o das unidades. Ressaltaram, ainda, que todos os dias se faz a higieniza\u00e7\u00e3o de todas as unidades, independentemente de haver casos confirmados de cont\u00e1gio, e que, caso haja casos confirmados, \u00e9 feita a devida sanitiza\u00e7\u00e3o do ambiente.<\/p>\n<p>Os trabalhadores contestaram tal afirma\u00e7\u00e3o e disseram que em muitos casos n\u00e3o existe nem \u00e1lcool em gel para as m\u00e3os, quanto mais os produtos adequados para a higieniza\u00e7\u00e3o e sanitiza\u00e7\u00e3o da ag\u00eancia. \u201cNo papel \u00e9 tudo muito bonito, mas isso n\u00e3o acontece na pr\u00e1tica. N\u00f3s, que visitamos as ag\u00eancias, recebemos reclama\u00e7\u00f5es todos os dias de que faltam produtos e que gestores se recusam a encaminhar empregados com suspeita de contamina\u00e7\u00e3o para a realiza\u00e7\u00e3o de testes ou de fecharem a unidade para a sanitiza\u00e7\u00e3o\u201d, disse a representante da Federa\u00e7\u00e3o dos Trabalhadores do Ramo Financeiro de Minas Gerais (Fetrafi\/MG), Eliana Brasil.<\/p>\n<p>\u201cMuitos gestores sequer usam a m\u00e1scara de prote\u00e7\u00e3o. Quando isso acontece, seus subordinados n\u00e3o se sentem obrigados a cumprir os protocolos\u201d, completou a representante da Fetrafi\/MG.<\/p>\n<p>Os representantes da Caixa disseram que \u00e9 importante que a CEE traga os casos para a mesa, pois estes problemas n\u00e3o deveriam existir. O banco se comprometeu a refor\u00e7ar as orienta\u00e7\u00f5es para os gestores de que os protocolos devem ser totalmente cumpridos e pediu a contribui\u00e7\u00e3o do movimento sindical para que esta informa\u00e7\u00e3o seja transmitida para todo o pa\u00eds. Pediu tamb\u00e9m para que a fiscaliza\u00e7\u00e3o continue ocorrendo.<\/p>\n<h3><strong>F\u00f3rum parit\u00e1rio<\/strong><\/h3>\n<p>O banco aceitou criar um f\u00f3rum parit\u00e1rio, com representantes da Caixa e do movimento de representa\u00e7\u00e3o dos empregados, para debater sobre os problemas que afetam o dia a dia de trabalho nas unidades da Caixa e permita a resolu\u00e7\u00e3o de problemas de uma forma mais r\u00e1pida.<\/p>\n<p>A previs\u00e3o \u00e9 de que este f\u00f3rum se re\u00fana semanalmente j\u00e1 a partir da semana que vem. Neste primeiro momento, os debates v\u00e3o girar em torno dos protocolos de preven\u00e7\u00e3o contra a Covid-19. \u201cEste f\u00f3rum servir\u00e1 de apoio \u00e0 CEE e ter\u00e1 apenas uma fun\u00e7\u00e3o operacional, com a finalidade de agilizar a resolu\u00e7\u00e3o dos problemas\u201d, explicou Furlan. \u201cTrata-se de uma antiga reivindica\u00e7\u00e3o do movimento sindical\u201d, completou.<\/p>\n<h3><strong>PLR e Promo\u00e7\u00e3o por m\u00e9rito<\/strong><\/h3>\n<p>Os trabalhadores questionaram o banco sobre a possibilidade de antecipa\u00e7\u00e3o do pagamento da Participa\u00e7\u00e3o nos Lucros e\/ou Resultados (PLR), conforme\u00a0<a href=\"https:\/\/contrafcut.com.br\/of-02622-caixa-pedido-de-antecipacao-do-pagamento-da-2a-parcela-da-plr\/\" target=\"_blank\" rel=\"noopener noreferrer\">solicitado pela Contraf-CUT em of\u00edcio<\/a>\u00a0ao banco. O banco se limitou a dizer que recebeu a solicita\u00e7\u00e3o, mas que n\u00e3o existe resposta para a demanda. Se o pedido da Contraf-CUT n\u00e3o for atendido, a data de pagamento permanece como prevista na Conven\u00e7\u00e3o Coletiva de Trabalho (31\/3\/2022).<\/p>\n<p>O banco tamb\u00e9m n\u00e3o tem resposta sobre a\u00a0<a href=\"https:\/\/contrafcut.com.br\/noticias\/gt-nao-chega-a-consenso-para-promocao-por-merito-na-caixa\" target=\"_blank\" rel=\"noopener noreferrer\">proposta ratificada pelos trabalhadores<\/a>\u00a0na reuni\u00e3o do Grupo de Trabalho de Avalia\u00e7\u00e3o por M\u00e9rito ocorrida na \u00faltima segunda-feira (31\/1). Segundo o banco, ainda \u00e9 preciso que a mesma seja analisada para que se fa\u00e7a um estudo sobre a possibilidade, ou n\u00e3o, de se acatar a proposta dos trabalhadores, que prev\u00ea a distribui\u00e7\u00e3o de um Delta para todos e que o segundo Delta seja oferecido \u00e0queles que atendem aos crit\u00e9rios estabelecidos pelo banco.<\/p>\n<p><strong>Fonte: Contraf-CUT<\/strong><\/p>\n","protected":false},"excerpt":{"rendered":"<p>A Comiss\u00e3o Executiva dos Empregados (CEE) da Caixa Econ\u00f4mica Federal e o banco se reuniram na tarde desta quarta-feira (2) para discutir sobre a\u00a0melhoria dos protocolos de seguran\u00e7a sanit\u00e1ria e de preven\u00e7\u00e3o \u00e0 Covid-19\u00a0e as dificuldades de implanta\u00e7\u00e3o dos mesmos, seja devido \u00e0 falta de respeito, ou desconhecimento dos protocolos pelos gestores, seja pelo n\u00e3o [&hellip;]<\/p>\n","protected":false},"author":2,"featured_media":12102,"comment_status":"","ping_status":"","sticky":false,"template":"","format":"standard","meta":{"footnotes":""},"categories":[3],"tags":[],"class_list":["post-12103","post","type-post","status-publish","format-standard","has-post-thumbnail","hentry","category-noticias"],"_links":{"self":[{"href":"https:\/\/hostnetart.com.br\/baixada\/wp-json\/wp\/v2\/posts\/12103","targetHints":{"allow":["GET"]}}],"collection":[{"href":"https:\/\/hostnetart.com.br\/baixada\/wp-json\/wp\/v2\/posts"}],"about":[{"href":"https:\/\/hostnetart.com.br\/baixada\/wp-json\/wp\/v2\/types\/post"}],"author":[{"embeddable":true,"href":"https:\/\/hostnetart.com.br\/baixada\/wp-json\/wp\/v2\/users\/2"}],"replies":[{"embeddable":true,"href":"https:\/\/hostnetart.com.br\/baixada\/wp-json\/wp\/v2\/comments?post=12103"}],"version-history":[{"count":0,"href":"https:\/\/hostnetart.com.br\/baixada\/wp-json\/wp\/v2\/posts\/12103\/revisions"}],"wp:featuredmedia":[{"embeddable":true,"href":"https:\/\/hostnetart.com.br\/baixada\/wp-json\/wp\/v2\/media\/12102"}],"wp:attachment":[{"href":"https:\/\/hostnetart.com.br\/baixada\/wp-json\/wp\/v2\/media?parent=12103"}],"wp:term":[{"taxonomy":"category","embeddable":true,"href":"https:\/\/hostnetart.com.br\/baixada\/wp-json\/wp\/v2\/categories?post=12103"},{"taxonomy":"post_tag","embeddable":true,"href":"https:\/\/hostnetart.com.br\/baixada\/wp-json\/wp\/v2\/tags?post=12103"}],"curies":[{"name":"wp","href":"https:\/\/api.w.org\/{rel}","templated":true}]}}